{"id":19443,"date":"2020-12-16T09:13:00","date_gmt":"2020-12-16T09:13:00","guid":{"rendered":"https:\/\/blogdorogeriogomes.com.br\/?p=19443"},"modified":"2020-12-16T15:21:51","modified_gmt":"2020-12-16T15:21:51","slug":"stf-arquiva-inquerito-contra-eunicio-oliveira-no-caso-das-delacoes-de-ex-executivos-da-odebrecht","status":"publish","type":"post","link":"https:\/\/blogdorogeriogomes.com.br\/noticias\/2020\/12\/stf-arquiva-inquerito-contra-eunicio-oliveira-no-caso-das-delacoes-de-ex-executivos-da-odebrecht\/","title":{"rendered":"STF arquiva inqu\u00e9rito contra Eun\u00edcio Oliveira no caso das dela\u00e7\u00f5es de ex-executivos da Odebrecht"},"content":{"rendered":"\n<p>O ex-senador cearense Eun\u00edcio Oliveira (MDB) est\u00e1 livre das acusa\u00e7\u00f5es de recebimento de propina pela Odebrecht em inqu\u00e9rito aberto pela Procuradoria-Geral da Rep\u00fablica (PGR) em 2017. A Segunda Turma do Supremo Tribunal Federal (STF) decidiu nesta ter\u00e7a-feira, dia 15 de dezembro, arquivar o inqu\u00e9rito por tr\u00eas votos a dois, sob a alegativa de falta de provas. O ex-presidente do Senado Federal foi citado em colabora\u00e7\u00f5es premiadas de ex-executivos da Odebrecht, que declararam que Eun\u00edcio teria recebido vantagens para favorecer a empresa no Congresso Nacional.&nbsp;<\/p>\n\n\n\n<p>Ap\u00f3s resultado do julgamento no STF, o ex-senador cearense declarou nas redes sociais: \u201cCinco anos de ang\u00fastia e de uma injusti\u00e7a sem tamanho. Mas a verdade e a justi\u00e7a sempre prevalecem. E a verdade tem for\u00e7a como o mandacaru, resiste na aridez e floresce com a chuva\u201d, disse Eun\u00edcio Oliveira.<\/p>\n\n\n\n<figure class=\"wp-block-image size-large\"><img loading=\"lazy\" decoding=\"async\" width=\"679\" height=\"452\" src=\"https:\/\/blogdorogeriogomes.com.br\/wp-content\/uploads\/2020\/12\/images-1-1.jpeg\" alt=\"\" class=\"wp-image-19444\" srcset=\"https:\/\/blogdorogeriogomes.com.br\/noticias\/wp-content\/uploads\/2020\/12\/images-1-1.jpeg 679w, https:\/\/blogdorogeriogomes.com.br\/noticias\/wp-content\/uploads\/2020\/12\/images-1-1-300x200.jpeg 300w\" sizes=\"auto, (max-width: 679px) 100vw, 679px\" \/><\/figure>\n","protected":false},"excerpt":{"rendered":"<p>O ex-senador cearense Eun\u00edcio Oliveira (MDB) est\u00e1 livre das acusa\u00e7\u00f5es de recebimento de propina pela Odebrecht em inqu\u00e9rito aberto pela Procuradoria-Geral da Rep\u00fablica (PGR) em 2017. A Segunda Turma do Supremo Tribunal Federal (STF) decidiu nesta ter\u00e7a-feira, dia 15 de dezembro, arquivar o inqu\u00e9rito por tr\u00eas votos a dois, sob a alegativa de falta de provas. O ex-presidente do Senado Federal foi citado em colabora\u00e7\u00f5es premiadas de ex-executivos da Odebrecht, que declararam que Eun\u00edcio teria recebido vantagens para favorecer&hellip;<\/p>\n","protected":false},"author":1,"featured_media":19444,"comment_status":"open","ping_status":"open","sticky":false,"template":"","format":"standard","meta":{"footnotes":""},"categories":[1],"tags":[],"class_list":["post-19443","post","type-post","status-publish","format-standard","has-post-thumbnail","hentry","category-noticias"],"_links":{"self":[{"href":"https:\/\/blogdorogeriogomes.com.br\/noticias\/wp-json\/wp\/v2\/posts\/19443","targetHints":{"allow":["GET"]}}],"collection":[{"href":"https:\/\/blogdorogeriogomes.com.br\/noticias\/wp-json\/wp\/v2\/posts"}],"about":[{"href":"https:\/\/blogdorogeriogomes.com.br\/noticias\/wp-json\/wp\/v2\/types\/post"}],"author":[{"embeddable":true,"href":"https:\/\/blogdorogeriogomes.com.br\/noticias\/wp-json\/wp\/v2\/users\/1"}],"replies":[{"embeddable":true,"href":"https:\/\/blogdorogeriogomes.com.br\/noticias\/wp-json\/wp\/v2\/comments?post=19443"}],"version-history":[{"count":2,"href":"https:\/\/blogdorogeriogomes.com.br\/noticias\/wp-json\/wp\/v2\/posts\/19443\/revisions"}],"predecessor-version":[{"id":19449,"href":"https:\/\/blogdorogeriogomes.com.br\/noticias\/wp-json\/wp\/v2\/posts\/19443\/revisions\/19449"}],"wp:featuredmedia":[{"embeddable":true,"href":"https:\/\/blogdorogeriogomes.com.br\/noticias\/wp-json\/wp\/v2\/media\/19444"}],"wp:attachment":[{"href":"https:\/\/blogdorogeriogomes.com.br\/noticias\/wp-json\/wp\/v2\/media?parent=19443"}],"wp:term":[{"taxonomy":"category","embeddable":true,"href":"https:\/\/blogdorogeriogomes.com.br\/noticias\/wp-json\/wp\/v2\/categories?post=19443"},{"taxonomy":"post_tag","embeddable":true,"href":"https:\/\/blogdorogeriogomes.com.br\/noticias\/wp-json\/wp\/v2\/tags?post=19443"}],"curies":[{"name":"wp","href":"https:\/\/api.w.org\/{rel}","templated":true}]}}