{"id":19446,"date":"2020-12-16T09:26:34","date_gmt":"2020-12-16T09:26:34","guid":{"rendered":"https:\/\/blogdorogeriogomes.com.br\/?p=19446"},"modified":"2020-12-16T15:21:41","modified_gmt":"2020-12-16T15:21:41","slug":"senado-derruba-proposta-da-camara-e-aprova-regulamentacao-do-fundeb-com-verbas-apenas-para-escolas-publicas","status":"publish","type":"post","link":"https:\/\/blogdorogeriogomes.com.br\/noticias\/2020\/12\/senado-derruba-proposta-da-camara-e-aprova-regulamentacao-do-fundeb-com-verbas-apenas-para-escolas-publicas\/","title":{"rendered":"Senado derruba proposta da C\u00e2mara e aprova regulamenta\u00e7\u00e3o do Fundeb com verbas apenas para escolas p\u00fablicas"},"content":{"rendered":"\n<p>Senadores aprovaram na sess\u00e3o desta ter\u00e7a-feira, dia 15 de dezembro, o projeto de lei que regulamenta o novo Fundo de Valoriza\u00e7\u00e3o e Desenvolvimento da Educa\u00e7\u00e3o B\u00e1sica (Fundeb). Eles retiraram do texto a possibilidade de os recursos do Fundo serem utilizados em escolas privadas, o que havia sido inclu\u00eddo pela C\u00e2mara dos Deputados, por meio de emendas parlamentares.<\/p>\n\n\n\n<p>Com a aprova\u00e7\u00e3o do texto original, com recursos do Fundeb destinados exclusivamente para o ensino p\u00fablico, a mat\u00e9ria segue novamente para aprecia\u00e7\u00e3o da C\u00e2mara. A regulamenta\u00e7\u00e3o precisa ser aprovada at\u00e9 o final deste ano para que os recursos possam estar dispon\u00edveis no pr\u00f3ximo ano.<\/p>\n\n\n\n<p>\u201cO novo Fundeb efetuou uma s\u00e9rie de avan\u00e7os sem precedentes para a educa\u00e7\u00e3o brasileira, dentre eles o aumento da participa\u00e7\u00e3o federal no financiamento da educa\u00e7\u00e3o b\u00e1sica&#8230;emendas aprovadas de \u00faltima hora na C\u00e2mara dos Deputados possibilitavam a evas\u00e3o de mais de 80% do novo aporte da Uni\u00e3o ao Fundeb\u201d, destacou o senador cearense Cid Gomes (PDT).<\/p>\n\n\n\n<p>Ap\u00f3s a aprova\u00e7\u00e3o da mat\u00e9ria, o presidente do Senado, Davi Alcolumbre (DEM-AP), ressaltou que n\u00e3o tem como assegurar que a C\u00e2mara n\u00e3o v\u00e1 alterar o texto do projeto votado pelos senadores. \u201cMas acho que esse \u00e9 um sinal claro que o Senado est\u00e1 dando de resgatar o entendimento feito durante a vota\u00e7\u00e3o do novo Fundeb. \u00c9 um gesto pol\u00edtico do Senado Federal, resgatando o texto principal e o encaminhando \u00e0 C\u00e2mara dos Deputados para sua delibera\u00e7\u00e3o\u201d, afirmou.<\/p>\n\n\n\n<figure class=\"wp-block-image size-large\"><img loading=\"lazy\" decoding=\"async\" width=\"1024\" height=\"682\" src=\"https:\/\/blogdorogeriogomes.com.br\/wp-content\/uploads\/2020\/12\/IMG-20201215-WA0140-1024x682.jpg\" alt=\"\" class=\"wp-image-19447\" srcset=\"https:\/\/blogdorogeriogomes.com.br\/noticias\/wp-content\/uploads\/2020\/12\/IMG-20201215-WA0140-1024x682.jpg 1024w, https:\/\/blogdorogeriogomes.com.br\/noticias\/wp-content\/uploads\/2020\/12\/IMG-20201215-WA0140-300x200.jpg 300w, https:\/\/blogdorogeriogomes.com.br\/noticias\/wp-content\/uploads\/2020\/12\/IMG-20201215-WA0140-768x511.jpg 768w, https:\/\/blogdorogeriogomes.com.br\/noticias\/wp-content\/uploads\/2020\/12\/IMG-20201215-WA0140-800x533.jpg 800w, https:\/\/blogdorogeriogomes.com.br\/noticias\/wp-content\/uploads\/2020\/12\/IMG-20201215-WA0140.jpg 1280w\" sizes=\"auto, (max-width: 1024px) 100vw, 1024px\" \/><\/figure>\n","protected":false},"excerpt":{"rendered":"<p>Senadores aprovaram na sess\u00e3o desta ter\u00e7a-feira, dia 15 de dezembro, o projeto de lei que regulamenta o novo Fundo de Valoriza\u00e7\u00e3o e Desenvolvimento da Educa\u00e7\u00e3o B\u00e1sica (Fundeb). Eles retiraram do texto a possibilidade de os recursos do Fundo serem utilizados em escolas privadas, o que havia sido inclu\u00eddo pela C\u00e2mara dos Deputados, por meio de emendas parlamentares. Com a aprova\u00e7\u00e3o do texto original, com recursos do Fundeb destinados exclusivamente para o ensino p\u00fablico, a mat\u00e9ria segue novamente para aprecia\u00e7\u00e3o&hellip;<\/p>\n","protected":false},"author":1,"featured_media":19447,"comment_status":"open","ping_status":"open","sticky":false,"template":"","format":"standard","meta":{"footnotes":""},"categories":[1],"tags":[],"class_list":["post-19446","post","type-post","status-publish","format-standard","has-post-thumbnail","hentry","category-noticias"],"_links":{"self":[{"href":"https:\/\/blogdorogeriogomes.com.br\/noticias\/wp-json\/wp\/v2\/posts\/19446","targetHints":{"allow":["GET"]}}],"collection":[{"href":"https:\/\/blogdorogeriogomes.com.br\/noticias\/wp-json\/wp\/v2\/posts"}],"about":[{"href":"https:\/\/blogdorogeriogomes.com.br\/noticias\/wp-json\/wp\/v2\/types\/post"}],"author":[{"embeddable":true,"href":"https:\/\/blogdorogeriogomes.com.br\/noticias\/wp-json\/wp\/v2\/users\/1"}],"replies":[{"embeddable":true,"href":"https:\/\/blogdorogeriogomes.com.br\/noticias\/wp-json\/wp\/v2\/comments?post=19446"}],"version-history":[{"count":1,"href":"https:\/\/blogdorogeriogomes.com.br\/noticias\/wp-json\/wp\/v2\/posts\/19446\/revisions"}],"predecessor-version":[{"id":19448,"href":"https:\/\/blogdorogeriogomes.com.br\/noticias\/wp-json\/wp\/v2\/posts\/19446\/revisions\/19448"}],"wp:featuredmedia":[{"embeddable":true,"href":"https:\/\/blogdorogeriogomes.com.br\/noticias\/wp-json\/wp\/v2\/media\/19447"}],"wp:attachment":[{"href":"https:\/\/blogdorogeriogomes.com.br\/noticias\/wp-json\/wp\/v2\/media?parent=19446"}],"wp:term":[{"taxonomy":"category","embeddable":true,"href":"https:\/\/blogdorogeriogomes.com.br\/noticias\/wp-json\/wp\/v2\/categories?post=19446"},{"taxonomy":"post_tag","embeddable":true,"href":"https:\/\/blogdorogeriogomes.com.br\/noticias\/wp-json\/wp\/v2\/tags?post=19446"}],"curies":[{"name":"wp","href":"https:\/\/api.w.org\/{rel}","templated":true}]}}