{"id":19450,"date":"2020-12-16T16:29:08","date_gmt":"2020-12-16T16:29:08","guid":{"rendered":"https:\/\/blogdorogeriogomes.com.br\/?p=19450"},"modified":"2020-12-17T11:33:46","modified_gmt":"2020-12-17T11:33:46","slug":"ceara-deve-receber-1-milhao-e-700-mil-de-doses-da-vacina-contra-covid-19-no-primeiro-semestre-de-2021","status":"publish","type":"post","link":"https:\/\/blogdorogeriogomes.com.br\/noticias\/2020\/12\/ceara-deve-receber-1-milhao-e-700-mil-de-doses-da-vacina-contra-covid-19-no-primeiro-semestre-de-2021\/","title":{"rendered":"Cear\u00e1 deve receber 1 milh\u00e3o e 700 mil de doses da vacina contra Covid-19 no primeiro semestre de 2021"},"content":{"rendered":"\n<p>O governador do Cear\u00e1, Camilo Santana, anunciou nesta quarta-feira, dia 16 de dezembro, que o Cear\u00e1 vai receber 1 milh\u00e3o e 700 mil de doses da vacina contra Covid-19 no primeiro semestre de 2021. A informa\u00e7\u00e3o foi divulgada ap\u00f3s Camilo participar da cerim\u00f4nia de lan\u00e7amento do Plano Nacional de Operacionaliza\u00e7\u00e3o da Vacina, apresentado pelo Governo Federal no Pal\u00e1cio do Planalto, em Bras\u00edlia.<\/p>\n\n\n\n<p>O chefe do Executivo estadual destacou o compromisso do Minist\u00e9rio da Sa\u00fade de utilizar a vacina t\u00e3o logo esta seja certificada pela Ag\u00eancia Nacional de Vigil\u00e2ncia Sanit\u00e1ria (Anvisa). Camilo participou nos \u00faltimos dias de reuni\u00f5es em Bras\u00edlia e S\u00e3o Paulo, com o Minist\u00e9rio da Sa\u00fade, Governo de S\u00e3o Paulo e Instituto Butantan, para articular a aquisi\u00e7\u00e3o de imunizantes para o Cear\u00e1.<\/p>\n\n\n\n<p>&#8220;O Minist\u00e9rio j\u00e1 garantiu que, independente de ser a vacina do Butant\u00e3, a de Oxford ou a da Pfizer, qualquer uma delas que seja certificada ser\u00e1 a vacina iniciada para aplica\u00e7\u00e3o nos brasileiros, inclusive no Cear\u00e1&#8221;, afirmou.<\/p>\n\n\n\n<p>De acordo com o plano federal, est\u00e3o garantidas 300 milh\u00f5es de doses de imunizantes, adquiridos por meio de acordos com laborat\u00f3rios. Contudo, at\u00e9 o momento, nenhuma vacina est\u00e1 registrada e licenciada pela Ag\u00eancia Nacional de Vigil\u00e2ncia Sanit\u00e1ria (Anvisa).<\/p>\n\n\n\n<p>A vacina\u00e7\u00e3o contra o novo coronav\u00edrus no Brasil prev\u00ea quatro grupos priorit\u00e1rios, somando o total de 50 milh\u00f5es de pessoas. Os primeiros a receber a aplica\u00e7\u00e3o da vacina em duas doses ser\u00e3o trabalhadores da sa\u00fade, idosos, pessoas com doen\u00e7as cr\u00f4nicas, professores, for\u00e7as de seguran\u00e7a e funcion\u00e1rios do sistema prisional. Ao todo, ser\u00e3o 108,3 milh\u00f5es de doses para os primeiros grupos em car\u00e1ter priorit\u00e1rio.<\/p>\n\n\n\n<p>Ao apresentar informa\u00e7\u00f5es do plano, o ministro da Sa\u00fade, Eduardo Pazuello, afirmou que o Brasil \u00e9 protagonista na fabrica\u00e7\u00e3o de vacinas e criticou as cobran\u00e7as por agilidade na aquisi\u00e7\u00e3o de imunizantes. &#8220;N\u00f3s somos os maiores fabricantes de vacinas da Am\u00e9rica Latina. Para qu\u00ea essa ansiedade, essa ang\u00fastia?&#8221;, disse. &#8220;Hoje, \u00e9 o plano macro. Amanh\u00e3, estaremos definindo com o Minist\u00e9rio da Defesa a ida aos estados e vamos trabalhar para os planos estaduais rapidamente. Tudo isso custeado pelo SUS&#8221;, completou Pazuello.<\/p>\n\n\n\n<figure class=\"wp-block-image size-large\"><img loading=\"lazy\" decoding=\"async\" width=\"1024\" height=\"576\" src=\"https:\/\/blogdorogeriogomes.com.br\/wp-content\/uploads\/2020\/12\/IMG-20201216-WA0068-1024x576.jpg\" alt=\"\" class=\"wp-image-19451\" srcset=\"https:\/\/blogdorogeriogomes.com.br\/noticias\/wp-content\/uploads\/2020\/12\/IMG-20201216-WA0068-1024x576.jpg 1024w, https:\/\/blogdorogeriogomes.com.br\/noticias\/wp-content\/uploads\/2020\/12\/IMG-20201216-WA0068-300x169.jpg 300w, https:\/\/blogdorogeriogomes.com.br\/noticias\/wp-content\/uploads\/2020\/12\/IMG-20201216-WA0068-768x432.jpg 768w, https:\/\/blogdorogeriogomes.com.br\/noticias\/wp-content\/uploads\/2020\/12\/IMG-20201216-WA0068-800x450.jpg 800w, https:\/\/blogdorogeriogomes.com.br\/noticias\/wp-content\/uploads\/2020\/12\/IMG-20201216-WA0068.jpg 1280w\" sizes=\"auto, (max-width: 1024px) 100vw, 1024px\" \/><\/figure>\n\n\n\n<p><\/p>\n","protected":false},"excerpt":{"rendered":"<p>O governador do Cear\u00e1, Camilo Santana, anunciou nesta quarta-feira, dia 16 de dezembro, que o Cear\u00e1 vai receber 1 milh\u00e3o e 700 mil de doses da vacina contra Covid-19 no primeiro semestre de 2021. A informa\u00e7\u00e3o foi divulgada ap\u00f3s Camilo participar da cerim\u00f4nia de lan\u00e7amento do Plano Nacional de Operacionaliza\u00e7\u00e3o da Vacina, apresentado pelo Governo Federal no Pal\u00e1cio do Planalto, em Bras\u00edlia. O chefe do Executivo estadual destacou o compromisso do Minist\u00e9rio da Sa\u00fade de utilizar a vacina t\u00e3o&hellip;<\/p>\n","protected":false},"author":1,"featured_media":19451,"comment_status":"open","ping_status":"open","sticky":false,"template":"","format":"standard","meta":{"footnotes":""},"categories":[1],"tags":[],"class_list":["post-19450","post","type-post","status-publish","format-standard","has-post-thumbnail","hentry","category-noticias"],"_links":{"self":[{"href":"https:\/\/blogdorogeriogomes.com.br\/noticias\/wp-json\/wp\/v2\/posts\/19450","targetHints":{"allow":["GET"]}}],"collection":[{"href":"https:\/\/blogdorogeriogomes.com.br\/noticias\/wp-json\/wp\/v2\/posts"}],"about":[{"href":"https:\/\/blogdorogeriogomes.com.br\/noticias\/wp-json\/wp\/v2\/types\/post"}],"author":[{"embeddable":true,"href":"https:\/\/blogdorogeriogomes.com.br\/noticias\/wp-json\/wp\/v2\/users\/1"}],"replies":[{"embeddable":true,"href":"https:\/\/blogdorogeriogomes.com.br\/noticias\/wp-json\/wp\/v2\/comments?post=19450"}],"version-history":[{"count":1,"href":"https:\/\/blogdorogeriogomes.com.br\/noticias\/wp-json\/wp\/v2\/posts\/19450\/revisions"}],"predecessor-version":[{"id":19452,"href":"https:\/\/blogdorogeriogomes.com.br\/noticias\/wp-json\/wp\/v2\/posts\/19450\/revisions\/19452"}],"wp:featuredmedia":[{"embeddable":true,"href":"https:\/\/blogdorogeriogomes.com.br\/noticias\/wp-json\/wp\/v2\/media\/19451"}],"wp:attachment":[{"href":"https:\/\/blogdorogeriogomes.com.br\/noticias\/wp-json\/wp\/v2\/media?parent=19450"}],"wp:term":[{"taxonomy":"category","embeddable":true,"href":"https:\/\/blogdorogeriogomes.com.br\/noticias\/wp-json\/wp\/v2\/categories?post=19450"},{"taxonomy":"post_tag","embeddable":true,"href":"https:\/\/blogdorogeriogomes.com.br\/noticias\/wp-json\/wp\/v2\/tags?post=19450"}],"curies":[{"name":"wp","href":"https:\/\/api.w.org\/{rel}","templated":true}]}}