{"id":19471,"date":"2020-12-17T14:43:31","date_gmt":"2020-12-17T14:43:31","guid":{"rendered":"https:\/\/blogdorogeriogomes.com.br\/?p=19471"},"modified":"2020-12-18T11:02:32","modified_gmt":"2020-12-18T11:02:32","slug":"camilo-santana-defende-apoio-do-pt-a-gestao-de-sarto-na-prefeitura-de-fortaleza","status":"publish","type":"post","link":"https:\/\/blogdorogeriogomes.com.br\/noticias\/2020\/12\/camilo-santana-defende-apoio-do-pt-a-gestao-de-sarto-na-prefeitura-de-fortaleza\/","title":{"rendered":"Camilo Santana defende apoio do PT \u00e0 gest\u00e3o de Sarto na Prefeitura de Fortaleza"},"content":{"rendered":"\n<p>O debate interno no Partido dos Trabalhadores (PT) na Capital segue vivo no sentindo de definir qual ser\u00e1 a posi\u00e7\u00e3o da legenda diante da gest\u00e3o de Jos\u00e9 Sarto (PDT) na Prefeitura de Fortaleza. Nesta quinta-feira, dia 17 de dezembro, o governador Camilo Santana (PT) se posicionou favor\u00e1vel \u00e0 integra\u00e7\u00e3o dos vereadores petistas eleitos para os pr\u00f3ximos quatro anos na base da pr\u00f3xima gest\u00e3o municipal.<\/p>\n\n\n\n<p>Em entrevista \u00e0 TV Verdes Mares, Camilo defendeu que Fortaleza tem avan\u00e7ado muito com a parceria entre o Governo do Cear\u00e1 e a Prefeitura, considerando importante a uni\u00e3o de for\u00e7as pelo desenvolvimento local. &#8220;Temos alian\u00e7a a n\u00edvel de Estado e muito mais converg\u00eancia que diverg\u00eancia. Defendo que o PT participe do governo, inclusive na composi\u00e7\u00e3o&#8221;, afirmou.<\/p>\n\n\n\n<p>H\u00e1 uma s\u00e9rie de diverg\u00eancias entre lideran\u00e7as do partido quanto ao apoio ou n\u00e3o \u00e0 administra\u00e7\u00e3o de Sarto. A vereadora Larissa Gaspar j\u00e1 defendeu que o partido deve se manter na oposi\u00e7\u00e3o, do mesmo lado de parlamentares do PSOL numa oposi\u00e7\u00e3o cr\u00edtica e progressista a quest\u00f5es defendidas pelo grupo pol\u00edtico pedetista.<\/p>\n\n\n\n<p>J\u00e1 o deputado estadual Acr\u00edsio Sena cobrou abertamente que o partido dialogue diretamente com o prefeito eleito e atue em parceria com Sarto.<\/p>\n\n\n\n<p>\u00c9 de interesse do prefeito eleito que o PT saia da oposi\u00e7\u00e3o para fortalecer a sua base na C\u00e2mara Municipal de Fortaleza, que enfrentar\u00e1 uma oposi\u00e7\u00e3o fortalecida por grupos bolsonaristas, apoiadores de Capit\u00e3o Wagner e PSOL. &#8220;O PT tem sido um parceiro, lutou conosco no 2\u00ba turno e n\u00f3s j\u00e1 temos parceria aqui no Estado&#8221;, disse Sarto no in\u00edcio do m\u00eas.<\/p>\n\n\n\n<figure class=\"wp-block-image size-large\"><img loading=\"lazy\" decoding=\"async\" width=\"470\" height=\"371\" src=\"https:\/\/blogdorogeriogomes.com.br\/wp-content\/uploads\/2020\/12\/images-52.jpeg\" alt=\"\" class=\"wp-image-19472\" srcset=\"https:\/\/blogdorogeriogomes.com.br\/noticias\/wp-content\/uploads\/2020\/12\/images-52.jpeg 470w, https:\/\/blogdorogeriogomes.com.br\/noticias\/wp-content\/uploads\/2020\/12\/images-52-300x237.jpeg 300w\" sizes=\"auto, (max-width: 470px) 100vw, 470px\" \/><\/figure>\n","protected":false},"excerpt":{"rendered":"<p>O debate interno no Partido dos Trabalhadores (PT) na Capital segue vivo no sentindo de definir qual ser\u00e1 a posi\u00e7\u00e3o da legenda diante da gest\u00e3o de Jos\u00e9 Sarto (PDT) na Prefeitura de Fortaleza. Nesta quinta-feira, dia 17 de dezembro, o governador Camilo Santana (PT) se posicionou favor\u00e1vel \u00e0 integra\u00e7\u00e3o dos vereadores petistas eleitos para os pr\u00f3ximos quatro anos na base da pr\u00f3xima gest\u00e3o municipal. Em entrevista \u00e0 TV Verdes Mares, Camilo defendeu que Fortaleza tem avan\u00e7ado muito com a&hellip;<\/p>\n","protected":false},"author":1,"featured_media":19472,"comment_status":"open","ping_status":"open","sticky":false,"template":"","format":"standard","meta":{"footnotes":""},"categories":[1],"tags":[],"class_list":["post-19471","post","type-post","status-publish","format-standard","has-post-thumbnail","hentry","category-noticias"],"_links":{"self":[{"href":"https:\/\/blogdorogeriogomes.com.br\/noticias\/wp-json\/wp\/v2\/posts\/19471","targetHints":{"allow":["GET"]}}],"collection":[{"href":"https:\/\/blogdorogeriogomes.com.br\/noticias\/wp-json\/wp\/v2\/posts"}],"about":[{"href":"https:\/\/blogdorogeriogomes.com.br\/noticias\/wp-json\/wp\/v2\/types\/post"}],"author":[{"embeddable":true,"href":"https:\/\/blogdorogeriogomes.com.br\/noticias\/wp-json\/wp\/v2\/users\/1"}],"replies":[{"embeddable":true,"href":"https:\/\/blogdorogeriogomes.com.br\/noticias\/wp-json\/wp\/v2\/comments?post=19471"}],"version-history":[{"count":1,"href":"https:\/\/blogdorogeriogomes.com.br\/noticias\/wp-json\/wp\/v2\/posts\/19471\/revisions"}],"predecessor-version":[{"id":19473,"href":"https:\/\/blogdorogeriogomes.com.br\/noticias\/wp-json\/wp\/v2\/posts\/19471\/revisions\/19473"}],"wp:featuredmedia":[{"embeddable":true,"href":"https:\/\/blogdorogeriogomes.com.br\/noticias\/wp-json\/wp\/v2\/media\/19472"}],"wp:attachment":[{"href":"https:\/\/blogdorogeriogomes.com.br\/noticias\/wp-json\/wp\/v2\/media?parent=19471"}],"wp:term":[{"taxonomy":"category","embeddable":true,"href":"https:\/\/blogdorogeriogomes.com.br\/noticias\/wp-json\/wp\/v2\/categories?post=19471"},{"taxonomy":"post_tag","embeddable":true,"href":"https:\/\/blogdorogeriogomes.com.br\/noticias\/wp-json\/wp\/v2\/tags?post=19471"}],"curies":[{"name":"wp","href":"https:\/\/api.w.org\/{rel}","templated":true}]}}