{"id":19477,"date":"2020-12-17T22:47:26","date_gmt":"2020-12-17T22:47:26","guid":{"rendered":"https:\/\/blogdorogeriogomes.com.br\/?p=19477"},"modified":"2020-12-18T11:02:06","modified_gmt":"2020-12-18T11:02:06","slug":"sarto-nogueira-e-roberto-claudio-cumprem-agenda-de-reunioes-em-brasilia-e-discutem-pautas-prioritarias-para-a-nova-gestao-em-fortaleza","status":"publish","type":"post","link":"https:\/\/blogdorogeriogomes.com.br\/noticias\/2020\/12\/sarto-nogueira-e-roberto-claudio-cumprem-agenda-de-reunioes-em-brasilia-e-discutem-pautas-prioritarias-para-a-nova-gestao-em-fortaleza\/","title":{"rendered":"Sarto Nogueira e Roberto Cl\u00e1udio cumprem agenda de reuni\u00f5es em Bras\u00edlia e discutem pautas priorit\u00e1rias para a nova gest\u00e3o em Fortaleza"},"content":{"rendered":"\n<p>O prefeito eleito de Fortaleza, Jos\u00e9 Sarto Nogueira (PDT), cumpriu agenda em Bras\u00edlia nesta quinta-feira, dia 17 de dezembro, ao lado do prefeito Roberto Cl\u00e1udio (PDT). Ao longo de todo o dia, eles se reuniram com representantes de bancos de financiamento, gestores do Fundo Nacional de Desenvolvimento da Educa\u00e7\u00e3o (FNDE) e tamb\u00e9m com o ministro da Sa\u00fade, Eduardo Pazuello. Em pauta, projetos em andamento e prioridades para 2021.<\/p>\n\n\n\n<p>&#8220;Ficamos muito satisfeitos, porque fomos recebidos pelo ministro da Sa\u00fade. Ele explicitou o Plano de Imuniza\u00e7\u00e3o. J\u00e1 trocamos algumas ideias sobre a participa\u00e7\u00e3o do Munic\u00edpio de Fortaleza&#8221;, destacou Sarto. Ele enfatizou que o ministro se reuniu nesta semana com o governador Camilo Santana (PT), que tem lutado pela celeridade na aquisi\u00e7\u00e3o e distribui\u00e7\u00e3o das vacinas.<\/p>\n\n\n\n<p>Como parte da agenda de transi\u00e7\u00e3o administrativa, Sarto Nogueira e Roberto Cl\u00e1udio participaram de reuni\u00f5es virtuais com membros do Banco Interamericano de Desenvolvimento (BID) e do Banco Mundial. Presencialmente, estiveram no Banco de Desenvolvimento da Am\u00e9rica Latina (CAF) e no FNDE.<\/p>\n\n\n\n<p>De acordo com Sarto, as reuni\u00f5es fazem parte do esfor\u00e7o para concretizar as tr\u00eas a\u00e7\u00f5es priorit\u00e1rias para o pr\u00f3ximo ano. &#8220;Primeiro, a quest\u00e3o da pandemia, a vacina\u00e7\u00e3o, t\u00e3o logo tenha registro e permiss\u00e3o das autoridades sanit\u00e1rias, pra que a gente possa operacionalizar a vacina\u00e7\u00e3o do povo fortalezense&#8221;, disse.<\/p>\n\n\n\n<p>O prefeito Roberto Cl\u00e1udio enfatizou a reuni\u00e3o com o ministro Pazuello e destacou as reuni\u00f5es com bancos de financiamento, que t\u00eam uma carteira de investimentos sociais important\u00edssimos para Fortaleza. &#8220;Tamb\u00e9m temos com o FNDE uma parceria important\u00edssima na \u00e1rea de educa\u00e7\u00e3o, n\u00e3o s\u00f3 infantil, como tamb\u00e9m de educa\u00e7\u00e3o fundamental, de tempo integral e creches&#8221;, enfatizou.<\/p>\n\n\n\n<figure class=\"wp-block-image size-large\"><img loading=\"lazy\" decoding=\"async\" width=\"960\" height=\"605\" src=\"https:\/\/blogdorogeriogomes.com.br\/wp-content\/uploads\/2020\/12\/IMG-20201217-WA0126.jpg\" alt=\"\" class=\"wp-image-19478\" srcset=\"https:\/\/blogdorogeriogomes.com.br\/noticias\/wp-content\/uploads\/2020\/12\/IMG-20201217-WA0126.jpg 960w, https:\/\/blogdorogeriogomes.com.br\/noticias\/wp-content\/uploads\/2020\/12\/IMG-20201217-WA0126-300x189.jpg 300w, https:\/\/blogdorogeriogomes.com.br\/noticias\/wp-content\/uploads\/2020\/12\/IMG-20201217-WA0126-768x484.jpg 768w, https:\/\/blogdorogeriogomes.com.br\/noticias\/wp-content\/uploads\/2020\/12\/IMG-20201217-WA0126-800x504.jpg 800w, https:\/\/blogdorogeriogomes.com.br\/noticias\/wp-content\/uploads\/2020\/12\/IMG-20201217-WA0126-320x202.jpg 320w, https:\/\/blogdorogeriogomes.com.br\/noticias\/wp-content\/uploads\/2020\/12\/IMG-20201217-WA0126-700x441.jpg 700w\" sizes=\"auto, (max-width: 960px) 100vw, 960px\" \/><\/figure>\n\n\n\n<p><\/p>\n","protected":false},"excerpt":{"rendered":"<p>O prefeito eleito de Fortaleza, Jos\u00e9 Sarto Nogueira (PDT), cumpriu agenda em Bras\u00edlia nesta quinta-feira, dia 17 de dezembro, ao lado do prefeito Roberto Cl\u00e1udio (PDT). Ao longo de todo o dia, eles se reuniram com representantes de bancos de financiamento, gestores do Fundo Nacional de Desenvolvimento da Educa\u00e7\u00e3o (FNDE) e tamb\u00e9m com o ministro da Sa\u00fade, Eduardo Pazuello. Em pauta, projetos em andamento e prioridades para 2021. &#8220;Ficamos muito satisfeitos, porque fomos recebidos pelo ministro da Sa\u00fade. Ele&hellip;<\/p>\n","protected":false},"author":1,"featured_media":19478,"comment_status":"open","ping_status":"open","sticky":false,"template":"","format":"standard","meta":{"footnotes":""},"categories":[1],"tags":[],"class_list":["post-19477","post","type-post","status-publish","format-standard","has-post-thumbnail","hentry","category-noticias"],"_links":{"self":[{"href":"https:\/\/blogdorogeriogomes.com.br\/noticias\/wp-json\/wp\/v2\/posts\/19477","targetHints":{"allow":["GET"]}}],"collection":[{"href":"https:\/\/blogdorogeriogomes.com.br\/noticias\/wp-json\/wp\/v2\/posts"}],"about":[{"href":"https:\/\/blogdorogeriogomes.com.br\/noticias\/wp-json\/wp\/v2\/types\/post"}],"author":[{"embeddable":true,"href":"https:\/\/blogdorogeriogomes.com.br\/noticias\/wp-json\/wp\/v2\/users\/1"}],"replies":[{"embeddable":true,"href":"https:\/\/blogdorogeriogomes.com.br\/noticias\/wp-json\/wp\/v2\/comments?post=19477"}],"version-history":[{"count":1,"href":"https:\/\/blogdorogeriogomes.com.br\/noticias\/wp-json\/wp\/v2\/posts\/19477\/revisions"}],"predecessor-version":[{"id":19479,"href":"https:\/\/blogdorogeriogomes.com.br\/noticias\/wp-json\/wp\/v2\/posts\/19477\/revisions\/19479"}],"wp:featuredmedia":[{"embeddable":true,"href":"https:\/\/blogdorogeriogomes.com.br\/noticias\/wp-json\/wp\/v2\/media\/19478"}],"wp:attachment":[{"href":"https:\/\/blogdorogeriogomes.com.br\/noticias\/wp-json\/wp\/v2\/media?parent=19477"}],"wp:term":[{"taxonomy":"category","embeddable":true,"href":"https:\/\/blogdorogeriogomes.com.br\/noticias\/wp-json\/wp\/v2\/categories?post=19477"},{"taxonomy":"post_tag","embeddable":true,"href":"https:\/\/blogdorogeriogomes.com.br\/noticias\/wp-json\/wp\/v2\/tags?post=19477"}],"curies":[{"name":"wp","href":"https:\/\/api.w.org\/{rel}","templated":true}]}}