{"id":19487,"date":"2020-12-18T18:06:08","date_gmt":"2020-12-18T18:06:08","guid":{"rendered":"https:\/\/blogdorogeriogomes.com.br\/?p=19487"},"modified":"2020-12-22T13:20:47","modified_gmt":"2020-12-22T13:20:47","slug":"acao-na-justica-eleitoral-pede-cassacao-da-chapa-de-sarto-defesa-do-pedetista-diz-que-nao-foi-notificada","status":"publish","type":"post","link":"https:\/\/blogdorogeriogomes.com.br\/noticias\/2020\/12\/acao-na-justica-eleitoral-pede-cassacao-da-chapa-de-sarto-defesa-do-pedetista-diz-que-nao-foi-notificada\/","title":{"rendered":"A\u00e7\u00e3o do Minist\u00e9rio P\u00fablico Eleitoral pede cassa\u00e7\u00e3o da chapa de Sarto. Defesa do pedetista diz que n\u00e3o foi notificada"},"content":{"rendered":"\n<p>O Minist\u00e9rio P\u00fablico Eleitoral prop\u00f4s cassa\u00e7\u00e3o dos registros de candidatura do prefeito eleito de Fortaleza, Sarto Nogueira (PDT), e de seu vice-prefeito, \u00c9lcio Batista, sob a suspeita de compra de votos e abuso de poder pol\u00edtico e econ\u00f4mico durante as elei\u00e7\u00f5es municipais. A a\u00e7\u00e3o corre na 1\u00aa Zona da Comarca de Fortaleza pelo Grupo Especial de Atua\u00e7\u00e3o Conjunta para Aux\u00edlio na Investiga\u00e7\u00e3o de Il\u00edcitos Eleitorais Complexos (GEACO).<\/p>\n\n\n\n<p>Al\u00e9m de Sarto e \u00c9lcio, s\u00e3o citados nominalmente L\u00facio Albuquerque Figueiredo Bruno, Marta Maria do Socorro Lima Barros Gon\u00e7alves e Francisco Albuquerque de Moura. A investiga\u00e7\u00e3o tramita em segredo de justi\u00e7a.<\/p>\n\n\n\n<p>A assessoria da chapa de Sarto Nogueira informou que ainda n\u00e3o foi notificada sobre a den\u00fancia e desconhece o conte\u00fado da a\u00e7\u00e3o. A defesa jur\u00eddica s\u00f3 dever\u00e1 se pronunciar ap\u00f3s conhecimento formal do teor das den\u00fancias.<\/p>\n\n\n\n<figure class=\"wp-block-image size-large\"><img loading=\"lazy\" decoding=\"async\" width=\"688\" height=\"446\" src=\"https:\/\/blogdorogeriogomes.com.br\/wp-content\/uploads\/2020\/12\/images-8.jpeg\" alt=\"\" class=\"wp-image-19488\" srcset=\"https:\/\/blogdorogeriogomes.com.br\/noticias\/wp-content\/uploads\/2020\/12\/images-8.jpeg 688w, https:\/\/blogdorogeriogomes.com.br\/noticias\/wp-content\/uploads\/2020\/12\/images-8-300x194.jpeg 300w\" sizes=\"auto, (max-width: 688px) 100vw, 688px\" \/><\/figure>\n","protected":false},"excerpt":{"rendered":"<p>O Minist\u00e9rio P\u00fablico Eleitoral prop\u00f4s cassa\u00e7\u00e3o dos registros de candidatura do prefeito eleito de Fortaleza, Sarto Nogueira (PDT), e de seu vice-prefeito, \u00c9lcio Batista, sob a suspeita de compra de votos e abuso de poder pol\u00edtico e econ\u00f4mico durante as elei\u00e7\u00f5es municipais. A a\u00e7\u00e3o corre na 1\u00aa Zona da Comarca de Fortaleza pelo Grupo Especial de Atua\u00e7\u00e3o Conjunta para Aux\u00edlio na Investiga\u00e7\u00e3o de Il\u00edcitos Eleitorais Complexos (GEACO). Al\u00e9m de Sarto e \u00c9lcio, s\u00e3o citados nominalmente L\u00facio Albuquerque Figueiredo Bruno,&hellip;<\/p>\n","protected":false},"author":1,"featured_media":19488,"comment_status":"open","ping_status":"open","sticky":false,"template":"","format":"standard","meta":{"footnotes":""},"categories":[1],"tags":[],"class_list":["post-19487","post","type-post","status-publish","format-standard","has-post-thumbnail","hentry","category-noticias"],"_links":{"self":[{"href":"https:\/\/blogdorogeriogomes.com.br\/noticias\/wp-json\/wp\/v2\/posts\/19487","targetHints":{"allow":["GET"]}}],"collection":[{"href":"https:\/\/blogdorogeriogomes.com.br\/noticias\/wp-json\/wp\/v2\/posts"}],"about":[{"href":"https:\/\/blogdorogeriogomes.com.br\/noticias\/wp-json\/wp\/v2\/types\/post"}],"author":[{"embeddable":true,"href":"https:\/\/blogdorogeriogomes.com.br\/noticias\/wp-json\/wp\/v2\/users\/1"}],"replies":[{"embeddable":true,"href":"https:\/\/blogdorogeriogomes.com.br\/noticias\/wp-json\/wp\/v2\/comments?post=19487"}],"version-history":[{"count":2,"href":"https:\/\/blogdorogeriogomes.com.br\/noticias\/wp-json\/wp\/v2\/posts\/19487\/revisions"}],"predecessor-version":[{"id":19490,"href":"https:\/\/blogdorogeriogomes.com.br\/noticias\/wp-json\/wp\/v2\/posts\/19487\/revisions\/19490"}],"wp:featuredmedia":[{"embeddable":true,"href":"https:\/\/blogdorogeriogomes.com.br\/noticias\/wp-json\/wp\/v2\/media\/19488"}],"wp:attachment":[{"href":"https:\/\/blogdorogeriogomes.com.br\/noticias\/wp-json\/wp\/v2\/media?parent=19487"}],"wp:term":[{"taxonomy":"category","embeddable":true,"href":"https:\/\/blogdorogeriogomes.com.br\/noticias\/wp-json\/wp\/v2\/categories?post=19487"},{"taxonomy":"post_tag","embeddable":true,"href":"https:\/\/blogdorogeriogomes.com.br\/noticias\/wp-json\/wp\/v2\/tags?post=19487"}],"curies":[{"name":"wp","href":"https:\/\/api.w.org\/{rel}","templated":true}]}}