{"id":19491,"date":"2020-12-18T19:56:50","date_gmt":"2020-12-18T19:56:50","guid":{"rendered":"https:\/\/blogdorogeriogomes.com.br\/?p=19491"},"modified":"2020-12-22T13:19:18","modified_gmt":"2020-12-22T13:19:18","slug":"prefeito-roberto-claudio-recebe-presidentes-de-entidades-representativas-do-setor-produtivo","status":"publish","type":"post","link":"https:\/\/blogdorogeriogomes.com.br\/noticias\/2020\/12\/prefeito-roberto-claudio-recebe-presidentes-de-entidades-representativas-do-setor-produtivo\/","title":{"rendered":"Prefeito Roberto Cl\u00e1udio recebe presidentes de entidades representativas do setor produtivo"},"content":{"rendered":"\n<p>O prefeito de Fortaleza, Roberto Cl\u00e1udio, recebeu, nesta sexta-feira, dia 18 de dezembro, no Pa\u00e7o Municipal, l\u00edderes de entidades do setor produtivo do Cear\u00e1. Estavam na audi\u00eancia o presidente da FIEC (Federa\u00e7\u00e3o das Ind\u00fastrias do Estado do Cear\u00e1), Ricardo Cavalcante, o presidente da Fecom\u00e9rcio (Federa\u00e7\u00e3o do Com\u00e9rcio de Bens, Servi\u00e7os e Turismo do Estado do Cear\u00e1), Maur\u00edcio Filizola e o presidente da CDL Fortaleza (C\u00e2mara de Dirigentes Lojistas de Fortaleza), Assis Cavalcante.<\/p>\n\n\n\n<p>Tamb\u00e9m estavam presentes o secret\u00e1rio chefe de Gabinete do Prefeito, Marcelo Pinheiro, o secret\u00e1rio Municipal de Governo, Samuel Dias, e o coordenador de Comunica\u00e7\u00e3o Social, Moacir Maia.<\/p>\n\n\n\n<p>O encontro foi marcado pelo reconhecimento da produtiva parceria e pelo alinhamento da gest\u00e3o municipal em rela\u00e7\u00e3o \u00e0 capacidade de di\u00e1logo, respeito e empenho para desenvolver a cidade de Fortaleza juntos com as entidades, servindo \u00e0 popula\u00e7\u00e3o de Fortaleza e unindo o setor produtivo.<\/p>\n\n\n\n<p>O presidente da Fecomercio, Maur\u00edcio Filizola, agradeceu pelo que foi constru\u00eddo ao longo dos \u00faltimos oito anos. \u201cO principal nessa gest\u00e3o foi o respeito \u00e0s pessoas e o direcionamento do que \u00e9 feito para atender as demandas da sociedade. O prefeito Roberto Cl\u00e1udio tem ido muito nessa dire\u00e7\u00e3o, com um time bastante alinhado e resultados que orgulham a todos\u201d, comentou.<br>Para o prefeito Roberto Claudio, \u201co di\u00e1logo, a parceria e o trabalho conjunto da gest\u00e3o com as entidades resultaram, nos \u00faltimos oito anos, em ganho efetivo para a cidade. N\u00f3s s\u00f3 podemos acreditar em bons resultados quando unimos a cidade, setor p\u00fablico e iniciativa privada, em prol do bem comum\u201d, concluiu o prefeito que aproveitou a ocasi\u00e3o para agradecer todo o apoio que recebeu.<\/p>\n\n\n\n<figure class=\"wp-block-image size-large\"><img loading=\"lazy\" decoding=\"async\" width=\"1024\" height=\"602\" src=\"https:\/\/blogdorogeriogomes.com.br\/wp-content\/uploads\/2020\/12\/IMG-20201218-WA0126.jpg\" alt=\"\" class=\"wp-image-19492\" srcset=\"https:\/\/blogdorogeriogomes.com.br\/noticias\/wp-content\/uploads\/2020\/12\/IMG-20201218-WA0126.jpg 1024w, https:\/\/blogdorogeriogomes.com.br\/noticias\/wp-content\/uploads\/2020\/12\/IMG-20201218-WA0126-300x176.jpg 300w, https:\/\/blogdorogeriogomes.com.br\/noticias\/wp-content\/uploads\/2020\/12\/IMG-20201218-WA0126-768x452.jpg 768w, https:\/\/blogdorogeriogomes.com.br\/noticias\/wp-content\/uploads\/2020\/12\/IMG-20201218-WA0126-800x470.jpg 800w\" sizes=\"auto, (max-width: 1024px) 100vw, 1024px\" \/><\/figure>\n","protected":false},"excerpt":{"rendered":"<p>O prefeito de Fortaleza, Roberto Cl\u00e1udio, recebeu, nesta sexta-feira, dia 18 de dezembro, no Pa\u00e7o Municipal, l\u00edderes de entidades do setor produtivo do Cear\u00e1. Estavam na audi\u00eancia o presidente da FIEC (Federa\u00e7\u00e3o das Ind\u00fastrias do Estado do Cear\u00e1), Ricardo Cavalcante, o presidente da Fecom\u00e9rcio (Federa\u00e7\u00e3o do Com\u00e9rcio de Bens, Servi\u00e7os e Turismo do Estado do Cear\u00e1), Maur\u00edcio Filizola e o presidente da CDL Fortaleza (C\u00e2mara de Dirigentes Lojistas de Fortaleza), Assis Cavalcante. Tamb\u00e9m estavam presentes o secret\u00e1rio chefe de&hellip;<\/p>\n","protected":false},"author":1,"featured_media":19492,"comment_status":"open","ping_status":"open","sticky":false,"template":"","format":"standard","meta":{"footnotes":""},"categories":[1],"tags":[],"class_list":["post-19491","post","type-post","status-publish","format-standard","has-post-thumbnail","hentry","category-noticias"],"_links":{"self":[{"href":"https:\/\/blogdorogeriogomes.com.br\/noticias\/wp-json\/wp\/v2\/posts\/19491","targetHints":{"allow":["GET"]}}],"collection":[{"href":"https:\/\/blogdorogeriogomes.com.br\/noticias\/wp-json\/wp\/v2\/posts"}],"about":[{"href":"https:\/\/blogdorogeriogomes.com.br\/noticias\/wp-json\/wp\/v2\/types\/post"}],"author":[{"embeddable":true,"href":"https:\/\/blogdorogeriogomes.com.br\/noticias\/wp-json\/wp\/v2\/users\/1"}],"replies":[{"embeddable":true,"href":"https:\/\/blogdorogeriogomes.com.br\/noticias\/wp-json\/wp\/v2\/comments?post=19491"}],"version-history":[{"count":1,"href":"https:\/\/blogdorogeriogomes.com.br\/noticias\/wp-json\/wp\/v2\/posts\/19491\/revisions"}],"predecessor-version":[{"id":19493,"href":"https:\/\/blogdorogeriogomes.com.br\/noticias\/wp-json\/wp\/v2\/posts\/19491\/revisions\/19493"}],"wp:featuredmedia":[{"embeddable":true,"href":"https:\/\/blogdorogeriogomes.com.br\/noticias\/wp-json\/wp\/v2\/media\/19492"}],"wp:attachment":[{"href":"https:\/\/blogdorogeriogomes.com.br\/noticias\/wp-json\/wp\/v2\/media?parent=19491"}],"wp:term":[{"taxonomy":"category","embeddable":true,"href":"https:\/\/blogdorogeriogomes.com.br\/noticias\/wp-json\/wp\/v2\/categories?post=19491"},{"taxonomy":"post_tag","embeddable":true,"href":"https:\/\/blogdorogeriogomes.com.br\/noticias\/wp-json\/wp\/v2\/tags?post=19491"}],"curies":[{"name":"wp","href":"https:\/\/api.w.org\/{rel}","templated":true}]}}