{"id":19494,"date":"2020-12-18T20:57:49","date_gmt":"2020-12-18T20:57:49","guid":{"rendered":"https:\/\/blogdorogeriogomes.com.br\/?p=19494"},"modified":"2020-12-19T12:13:30","modified_gmt":"2020-12-19T12:13:30","slug":"partidos-de-esquerda-e-centro-esquerda-se-unem-em-torno-do-candidato-de-rodrigo-maia-na-disputa-da-camara-federal","status":"publish","type":"post","link":"https:\/\/blogdorogeriogomes.com.br\/noticias\/2020\/12\/partidos-de-esquerda-e-centro-esquerda-se-unem-em-torno-do-candidato-de-rodrigo-maia-na-disputa-da-camara-federal\/","title":{"rendered":"Partidos de esquerda e centro-esquerda se unem em torno do candidato de Rodrigo Maia na disputa da C\u00e2mara Federal"},"content":{"rendered":"\n<p>Partidos de esquerda e centro-esquerda fecharam o apoio ao candidato a ser lan\u00e7ado pelo atual presidente da C\u00e2mara dos Deputados, Rodrigo Maia. Junto com o PT, apoiar\u00e3o tamb\u00e9m PCdoB, PDT e PSB. Rodrigo Maia tem, agora, 280 parlamentares para levar algum nome de seu grupo \u00e0 lideran\u00e7a da C\u00e2mara.<\/p>\n\n\n\n<p>O principal advers\u00e1rio na disputa da Casa \u00e9 o deputado federal alagoano Arthur Lira (PP), que \u00e9 apoiado pelo presidente Jair Bolsonaro. Lira \u00e9 acusado de pr\u00e1tica de rachadinhas no seu estado. A defini\u00e7\u00e3o da nova Mesa Diretora da C\u00e2mara Federal ser\u00e1 em fevereiro de 2021.<\/p>\n\n\n\n<figure class=\"wp-block-image size-large\"><img loading=\"lazy\" decoding=\"async\" width=\"610\" height=\"380\" src=\"https:\/\/blogdorogeriogomes.com.br\/wp-content\/uploads\/2020\/12\/20201218171236_311029a2-10f3-478f-8f18-6db6b6197648.jpeg\" alt=\"\" class=\"wp-image-19495\" srcset=\"https:\/\/blogdorogeriogomes.com.br\/noticias\/wp-content\/uploads\/2020\/12\/20201218171236_311029a2-10f3-478f-8f18-6db6b6197648.jpeg 610w, https:\/\/blogdorogeriogomes.com.br\/noticias\/wp-content\/uploads\/2020\/12\/20201218171236_311029a2-10f3-478f-8f18-6db6b6197648-300x187.jpeg 300w\" sizes=\"auto, (max-width: 610px) 100vw, 610px\" \/><\/figure>\n","protected":false},"excerpt":{"rendered":"<p>Partidos de esquerda e centro-esquerda fecharam o apoio ao candidato a ser lan\u00e7ado pelo atual presidente da C\u00e2mara dos Deputados, Rodrigo Maia. Junto com o PT, apoiar\u00e3o tamb\u00e9m PCdoB, PDT e PSB. Rodrigo Maia tem, agora, 280 parlamentares para levar algum nome de seu grupo \u00e0 lideran\u00e7a da C\u00e2mara. O principal advers\u00e1rio na disputa da Casa \u00e9 o deputado federal alagoano Arthur Lira (PP), que \u00e9 apoiado pelo presidente Jair Bolsonaro. Lira \u00e9 acusado de pr\u00e1tica de rachadinhas no&hellip;<\/p>\n","protected":false},"author":1,"featured_media":0,"comment_status":"open","ping_status":"open","sticky":false,"template":"","format":"standard","meta":{"footnotes":""},"categories":[1],"tags":[],"class_list":["post-19494","post","type-post","status-publish","format-standard","hentry","category-noticias"],"_links":{"self":[{"href":"https:\/\/blogdorogeriogomes.com.br\/noticias\/wp-json\/wp\/v2\/posts\/19494","targetHints":{"allow":["GET"]}}],"collection":[{"href":"https:\/\/blogdorogeriogomes.com.br\/noticias\/wp-json\/wp\/v2\/posts"}],"about":[{"href":"https:\/\/blogdorogeriogomes.com.br\/noticias\/wp-json\/wp\/v2\/types\/post"}],"author":[{"embeddable":true,"href":"https:\/\/blogdorogeriogomes.com.br\/noticias\/wp-json\/wp\/v2\/users\/1"}],"replies":[{"embeddable":true,"href":"https:\/\/blogdorogeriogomes.com.br\/noticias\/wp-json\/wp\/v2\/comments?post=19494"}],"version-history":[{"count":2,"href":"https:\/\/blogdorogeriogomes.com.br\/noticias\/wp-json\/wp\/v2\/posts\/19494\/revisions"}],"predecessor-version":[{"id":19497,"href":"https:\/\/blogdorogeriogomes.com.br\/noticias\/wp-json\/wp\/v2\/posts\/19494\/revisions\/19497"}],"wp:attachment":[{"href":"https:\/\/blogdorogeriogomes.com.br\/noticias\/wp-json\/wp\/v2\/media?parent=19494"}],"wp:term":[{"taxonomy":"category","embeddable":true,"href":"https:\/\/blogdorogeriogomes.com.br\/noticias\/wp-json\/wp\/v2\/categories?post=19494"},{"taxonomy":"post_tag","embeddable":true,"href":"https:\/\/blogdorogeriogomes.com.br\/noticias\/wp-json\/wp\/v2\/tags?post=19494"}],"curies":[{"name":"wp","href":"https:\/\/api.w.org\/{rel}","templated":true}]}}