{"id":19498,"date":"2020-12-19T12:23:29","date_gmt":"2020-12-19T12:23:29","guid":{"rendered":"https:\/\/blogdorogeriogomes.com.br\/?p=19498"},"modified":"2020-12-22T13:19:09","modified_gmt":"2020-12-22T13:19:09","slug":"advogada-de-flavio-bolsonaro-revela-ter-recebido-relatorio-da-abin-para-ajudar-no-processo-sobre-suposta-rachadinha","status":"publish","type":"post","link":"https:\/\/blogdorogeriogomes.com.br\/noticias\/2020\/12\/advogada-de-flavio-bolsonaro-revela-ter-recebido-relatorio-da-abin-para-ajudar-no-processo-sobre-suposta-rachadinha\/","title":{"rendered":"Advogada de Fl\u00e1vio Bolsonaro revela ter recebido relat\u00f3rio da Abin para ajudar no processo sobre suposta rachadinha"},"content":{"rendered":"\n<p>Em entrevista \u00e0 revista \u00c9poca, uma das advogadas do senador Fl\u00e1vio Bolsonaro (Republicanos) admitiu ter recebido um relat\u00f3rio produzido pela Ag\u00eancia Brasileira de Intelig\u00eancia (Abin) para ajudar a defesa do parlamentar no processo de investiga\u00e7\u00e3o de suposto esquema de rachadinha na Assembleia Legislativa do Rio de Janeiro.<\/p>\n\n\n\n<p>A advogada Luciana Pires afirma que no material recebido havia recomenda\u00e7\u00f5es do presidente da Abin, Alexandre Ramagem. &#8220;N\u00e3o fiz nada. N\u00e3o vou fazer nada do que ele (Ramagem) est\u00e1 sugerindo. Vou fazer o qu\u00ea? N\u00e3o est\u00e1 no meu escopo. Tem coisa que eu n\u00e3o tenho controle\u201d, afirmou.<\/p>\n\n\n\n<p>A \u00c9poca publicou, no \u00faltimo dia 11 de dezembro, a informa\u00e7\u00e3o de que o \u00f3rg\u00e3o fazia relat\u00f3rios para orientar a defesa de Fl\u00e1vio Bolsonaro, o que configura improbidade administrativa.<\/p>\n\n\n\n<p>Segundo a reportagem, a Abin detalhava o funcionamento da organiza\u00e7\u00e3o criminosa em atua\u00e7\u00e3o na Receita Federal, que teria supostamente feito um escrut\u00ednio ilegal nos dados fiscais para o relat\u00f3rio que gerou o inqu\u00e9rito das rachadinhas. O \u00f3rg\u00e3o tamb\u00e9m mostrava com detalhes o levantamento de informa\u00e7\u00f5es necess\u00e1rias para pedir a anula\u00e7\u00e3o do caso de Fabr\u00edcio Queiroz.<\/p>\n\n\n\n<p>Luciana lembra ainda que, em agosto, aconteceu reuni\u00e3o entre o presidente Jair Bolsonaro, os advogados de Fl\u00e1vio e o presidente da Abin, da qual saiu o relat\u00f3rio para delibera\u00e7\u00f5es sobre o caso.<\/p>\n\n\n\n<p>Na \u00faltima ter\u00e7a-feira, dia 15 de dezembro, ap\u00f3s determina\u00e7\u00e3o da ministra do Supremo Tribunal Federal (STF), C\u00e1rmen L\u00facia, Ramagem admitiu a exist\u00eancia da reuni\u00e3o com o jur\u00eddico do senador, mas que n\u00e3o houve ali os desdobramentos indicados.<\/p>\n\n\n\n<p>Cerca de cinco agentes da Pol\u00edcia Federal, parte deles envolvidos diretamente na seguran\u00e7a de Jair Bolsonaro durante as elei\u00e7\u00f5es de 2018, foram deslocados para a &nbsp;Ag\u00eancia Brasileira de Intelig\u00eancia (Abin) por determina\u00e7\u00e3o do diretor geral, Alexandre Ramagem. Revela\u00e7\u00e3o vem na esteira da revela\u00e7\u00e3o de que a Abin produziu documentos para ajudar a defesa do senador Fl\u00e1vio Bolsonaro a encerrar o processo que responde no caso das rachadinhas. <\/p>\n\n\n\n<figure class=\"wp-block-image size-large\"><img loading=\"lazy\" decoding=\"async\" width=\"715\" height=\"429\" src=\"https:\/\/blogdorogeriogomes.com.br\/wp-content\/uploads\/2020\/12\/images-9.jpeg\" alt=\"\" class=\"wp-image-19499\" srcset=\"https:\/\/blogdorogeriogomes.com.br\/noticias\/wp-content\/uploads\/2020\/12\/images-9.jpeg 715w, https:\/\/blogdorogeriogomes.com.br\/noticias\/wp-content\/uploads\/2020\/12\/images-9-300x180.jpeg 300w\" sizes=\"auto, (max-width: 715px) 100vw, 715px\" \/><\/figure>\n","protected":false},"excerpt":{"rendered":"<p>Em entrevista \u00e0 revista \u00c9poca, uma das advogadas do senador Fl\u00e1vio Bolsonaro (Republicanos) admitiu ter recebido um relat\u00f3rio produzido pela Ag\u00eancia Brasileira de Intelig\u00eancia (Abin) para ajudar a defesa do parlamentar no processo de investiga\u00e7\u00e3o de suposto esquema de rachadinha na Assembleia Legislativa do Rio de Janeiro. A advogada Luciana Pires afirma que no material recebido havia recomenda\u00e7\u00f5es do presidente da Abin, Alexandre Ramagem. &#8220;N\u00e3o fiz nada. N\u00e3o vou fazer nada do que ele (Ramagem) est\u00e1 sugerindo. Vou fazer&hellip;<\/p>\n","protected":false},"author":1,"featured_media":19499,"comment_status":"open","ping_status":"open","sticky":false,"template":"","format":"standard","meta":{"footnotes":""},"categories":[1],"tags":[],"class_list":["post-19498","post","type-post","status-publish","format-standard","has-post-thumbnail","hentry","category-noticias"],"_links":{"self":[{"href":"https:\/\/blogdorogeriogomes.com.br\/noticias\/wp-json\/wp\/v2\/posts\/19498","targetHints":{"allow":["GET"]}}],"collection":[{"href":"https:\/\/blogdorogeriogomes.com.br\/noticias\/wp-json\/wp\/v2\/posts"}],"about":[{"href":"https:\/\/blogdorogeriogomes.com.br\/noticias\/wp-json\/wp\/v2\/types\/post"}],"author":[{"embeddable":true,"href":"https:\/\/blogdorogeriogomes.com.br\/noticias\/wp-json\/wp\/v2\/users\/1"}],"replies":[{"embeddable":true,"href":"https:\/\/blogdorogeriogomes.com.br\/noticias\/wp-json\/wp\/v2\/comments?post=19498"}],"version-history":[{"count":2,"href":"https:\/\/blogdorogeriogomes.com.br\/noticias\/wp-json\/wp\/v2\/posts\/19498\/revisions"}],"predecessor-version":[{"id":19528,"href":"https:\/\/blogdorogeriogomes.com.br\/noticias\/wp-json\/wp\/v2\/posts\/19498\/revisions\/19528"}],"wp:featuredmedia":[{"embeddable":true,"href":"https:\/\/blogdorogeriogomes.com.br\/noticias\/wp-json\/wp\/v2\/media\/19499"}],"wp:attachment":[{"href":"https:\/\/blogdorogeriogomes.com.br\/noticias\/wp-json\/wp\/v2\/media?parent=19498"}],"wp:term":[{"taxonomy":"category","embeddable":true,"href":"https:\/\/blogdorogeriogomes.com.br\/noticias\/wp-json\/wp\/v2\/categories?post=19498"},{"taxonomy":"post_tag","embeddable":true,"href":"https:\/\/blogdorogeriogomes.com.br\/noticias\/wp-json\/wp\/v2\/tags?post=19498"}],"curies":[{"name":"wp","href":"https:\/\/api.w.org\/{rel}","templated":true}]}}