{"id":19501,"date":"2020-12-19T12:46:35","date_gmt":"2020-12-19T12:46:35","guid":{"rendered":"https:\/\/blogdorogeriogomes.com.br\/?p=19501"},"modified":"2020-12-22T13:18:59","modified_gmt":"2020-12-22T13:18:59","slug":"jose-sarto-elcio-batista-e-43-vereadores-eleitos-em-fortaleza-sao-diplomados-pelo-tre-de-forma-virtual","status":"publish","type":"post","link":"https:\/\/blogdorogeriogomes.com.br\/noticias\/2020\/12\/jose-sarto-elcio-batista-e-43-vereadores-eleitos-em-fortaleza-sao-diplomados-pelo-tre-de-forma-virtual\/","title":{"rendered":"Jos\u00e9 Sarto, Elcio Batista e 43 vereadores eleitos em Fortaleza s\u00e3o diplomados pelo TRE de forma virtual"},"content":{"rendered":"\n<p>O prefeito eleito de Fortaleza, Jos\u00e9 Sarto (PDT), foi diplomado nesta sexta-feira, dia 18 de dezembro, durante cerim\u00f4nia remota conduzida e transmitida pelo Tribunal Regional Eleitoral do Cear\u00e1 (TRE-CE). Tamb\u00e9m receberam a diploma\u00e7\u00e3o o vice-prefeito eleito \u00c9lcio Batista (PSB) e os 43 vereadores que assumir\u00e3o mandato em 2021. Sarto tomar\u00e1 posse do cargo no pr\u00f3ximo dia 1\u00b0 de janeiro.<\/p>\n\n\n\n<p>&#8220;Hoje damos mais um importante passo no processo democra\u0301tico com a cerimo\u0302nia do TRE-CE de diplomac\u0327a\u0303o de vereadores, vice-prefeito e prefeito de Fortaleza eleitos em 2020. O evento acontece de forma remota, fato que certamente marcara\u0301 a histo\u0301ria da humanidade e da\u0301 uma dimensa\u0303o dos desafios que temos pela frente&#8221;, afirmou o prefeito eleito, citando os efeitos da pandemia na sau\u0301de, na educac\u0327a\u0303o e na economia, principalmente.<\/p>\n\n\n\n<p>&#8220;Agradec\u0327o a\u0300 populac\u0327a\u0303o fortalezense por confiar a mim e a Elcio Batista essa missa\u0303o. Desejo sucesso aos novos vereadores e vereadoras da capital cearense. Tenho a convicc\u0327a\u0303o de que, juntos, poderemos fazer de Fortaleza uma cidade cada vez melhor para se viver, trabalhando com afinco para a reduc\u0327a\u0303o das desigualdades sociais agravadas pelo coronavi\u0301rus. Contem comigo e muito obrigado&#8221;, registrou em suas redes sociais. <\/p>\n\n\n\n<p>A cerim\u00f4nia de diploma\u00e7\u00e3o em Fortaleza foi presidida pela ju\u00edza eleitoral da 117\u00aa Zona, Valeska Alves Alencar Rolim. Devido a pandemia do novo coronav\u00edrus, a diploma\u00e7\u00e3o ocorreu de forma virtual, com os parlamentares em suas respectivas resid\u00eancias.<\/p>\n\n\n\n<figure class=\"wp-block-image size-large\"><img loading=\"lazy\" decoding=\"async\" width=\"1024\" height=\"682\" src=\"https:\/\/blogdorogeriogomes.com.br\/wp-content\/uploads\/2020\/12\/IMG-20201218-WA0142-1024x682.jpg\" alt=\"\" class=\"wp-image-19502\" srcset=\"https:\/\/blogdorogeriogomes.com.br\/noticias\/wp-content\/uploads\/2020\/12\/IMG-20201218-WA0142-1024x682.jpg 1024w, https:\/\/blogdorogeriogomes.com.br\/noticias\/wp-content\/uploads\/2020\/12\/IMG-20201218-WA0142-300x200.jpg 300w, https:\/\/blogdorogeriogomes.com.br\/noticias\/wp-content\/uploads\/2020\/12\/IMG-20201218-WA0142-768x512.jpg 768w, https:\/\/blogdorogeriogomes.com.br\/noticias\/wp-content\/uploads\/2020\/12\/IMG-20201218-WA0142-800x533.jpg 800w, https:\/\/blogdorogeriogomes.com.br\/noticias\/wp-content\/uploads\/2020\/12\/IMG-20201218-WA0142.jpg 1280w\" sizes=\"auto, (max-width: 1024px) 100vw, 1024px\" \/><\/figure>\n","protected":false},"excerpt":{"rendered":"<p>O prefeito eleito de Fortaleza, Jos\u00e9 Sarto (PDT), foi diplomado nesta sexta-feira, dia 18 de dezembro, durante cerim\u00f4nia remota conduzida e transmitida pelo Tribunal Regional Eleitoral do Cear\u00e1 (TRE-CE). Tamb\u00e9m receberam a diploma\u00e7\u00e3o o vice-prefeito eleito \u00c9lcio Batista (PSB) e os 43 vereadores que assumir\u00e3o mandato em 2021. Sarto tomar\u00e1 posse do cargo no pr\u00f3ximo dia 1\u00b0 de janeiro. &#8220;Hoje damos mais um importante passo no processo democra\u0301tico com a cerimo\u0302nia do TRE-CE de diplomac\u0327a\u0303o de vereadores, vice-prefeito e&hellip;<\/p>\n","protected":false},"author":1,"featured_media":19502,"comment_status":"open","ping_status":"open","sticky":false,"template":"","format":"standard","meta":{"footnotes":""},"categories":[1],"tags":[],"class_list":["post-19501","post","type-post","status-publish","format-standard","has-post-thumbnail","hentry","category-noticias"],"_links":{"self":[{"href":"https:\/\/blogdorogeriogomes.com.br\/noticias\/wp-json\/wp\/v2\/posts\/19501","targetHints":{"allow":["GET"]}}],"collection":[{"href":"https:\/\/blogdorogeriogomes.com.br\/noticias\/wp-json\/wp\/v2\/posts"}],"about":[{"href":"https:\/\/blogdorogeriogomes.com.br\/noticias\/wp-json\/wp\/v2\/types\/post"}],"author":[{"embeddable":true,"href":"https:\/\/blogdorogeriogomes.com.br\/noticias\/wp-json\/wp\/v2\/users\/1"}],"replies":[{"embeddable":true,"href":"https:\/\/blogdorogeriogomes.com.br\/noticias\/wp-json\/wp\/v2\/comments?post=19501"}],"version-history":[{"count":1,"href":"https:\/\/blogdorogeriogomes.com.br\/noticias\/wp-json\/wp\/v2\/posts\/19501\/revisions"}],"predecessor-version":[{"id":19503,"href":"https:\/\/blogdorogeriogomes.com.br\/noticias\/wp-json\/wp\/v2\/posts\/19501\/revisions\/19503"}],"wp:featuredmedia":[{"embeddable":true,"href":"https:\/\/blogdorogeriogomes.com.br\/noticias\/wp-json\/wp\/v2\/media\/19502"}],"wp:attachment":[{"href":"https:\/\/blogdorogeriogomes.com.br\/noticias\/wp-json\/wp\/v2\/media?parent=19501"}],"wp:term":[{"taxonomy":"category","embeddable":true,"href":"https:\/\/blogdorogeriogomes.com.br\/noticias\/wp-json\/wp\/v2\/categories?post=19501"},{"taxonomy":"post_tag","embeddable":true,"href":"https:\/\/blogdorogeriogomes.com.br\/noticias\/wp-json\/wp\/v2\/tags?post=19501"}],"curies":[{"name":"wp","href":"https:\/\/api.w.org\/{rel}","templated":true}]}}