{"id":19504,"date":"2020-12-19T13:05:40","date_gmt":"2020-12-19T13:05:40","guid":{"rendered":"https:\/\/blogdorogeriogomes.com.br\/?p=19504"},"modified":"2020-12-22T13:18:48","modified_gmt":"2020-12-22T13:18:48","slug":"camilo-santana-anuncia-a-aquisicao-do-hospital-geral-de-crateus-que-passa-a-ser-controlado-pelo-estado","status":"publish","type":"post","link":"https:\/\/blogdorogeriogomes.com.br\/noticias\/2020\/12\/camilo-santana-anuncia-a-aquisicao-do-hospital-geral-de-crateus-que-passa-a-ser-controlado-pelo-estado\/","title":{"rendered":"Camilo Santana anuncia a aquisi\u00e7\u00e3o do Hospital Geral de Crate\u00fas que passa a ser controlado pelo Estado"},"content":{"rendered":"\n<p>O governador do Cear\u00e1, Camilo Santana, anunciou neste s\u00e1bado, dia 19 de dezembro, a aquisi\u00e7\u00e3o do Hospital Geral de Crate\u00fas, no interior do Estado. A unidade \u00e9 hoje administrada pela&nbsp;Associa\u00e7\u00e3o S\u00e3o Camilo, entidade privada. <\/p>\n\n\n\n<p>O Hospital Geral de Crate\u00fas conta hoje com 155 leitos, sendo 10 de UTI para tratamento de pacientes com a Covid-19. A unidade passa agora a ser controlada pela Secretaria de Sa\u00fade do Estado e vai refor\u00e7ar o atendimento de munic\u00edpios vizinhos.<\/p>\n\n\n\n<p>No interior, o Governo j\u00e1 controla os Hospitais Regionais da Zona Norte, em Sobral; do Cariri, em Juazeiro do Norte; e do Sert\u00e3o Central, em Quixeramobim. Camilo Santana anuncia para o primeiro semestre de 2021 a entrega do Hospital do Vale do Jaguaribe, em Limoeiro do Norte.<\/p>\n\n\n\n<figure class=\"wp-block-image size-large\"><img loading=\"lazy\" decoding=\"async\" width=\"1024\" height=\"683\" src=\"https:\/\/blogdorogeriogomes.com.br\/wp-content\/uploads\/2020\/12\/IMG-20201219-WA0044-1024x683.jpg\" alt=\"\" class=\"wp-image-19505\" srcset=\"https:\/\/blogdorogeriogomes.com.br\/noticias\/wp-content\/uploads\/2020\/12\/IMG-20201219-WA0044-1024x683.jpg 1024w, https:\/\/blogdorogeriogomes.com.br\/noticias\/wp-content\/uploads\/2020\/12\/IMG-20201219-WA0044-300x200.jpg 300w, https:\/\/blogdorogeriogomes.com.br\/noticias\/wp-content\/uploads\/2020\/12\/IMG-20201219-WA0044-768x512.jpg 768w, https:\/\/blogdorogeriogomes.com.br\/noticias\/wp-content\/uploads\/2020\/12\/IMG-20201219-WA0044-800x534.jpg 800w, https:\/\/blogdorogeriogomes.com.br\/noticias\/wp-content\/uploads\/2020\/12\/IMG-20201219-WA0044.jpg 1280w\" sizes=\"auto, (max-width: 1024px) 100vw, 1024px\" \/><\/figure>\n\n\n\n<p><\/p>\n","protected":false},"excerpt":{"rendered":"<p>O governador do Cear\u00e1, Camilo Santana, anunciou neste s\u00e1bado, dia 19 de dezembro, a aquisi\u00e7\u00e3o do Hospital Geral de Crate\u00fas, no interior do Estado. A unidade \u00e9 hoje administrada pela&nbsp;Associa\u00e7\u00e3o S\u00e3o Camilo, entidade privada. O Hospital Geral de Crate\u00fas conta hoje com 155 leitos, sendo 10 de UTI para tratamento de pacientes com a Covid-19. A unidade passa agora a ser controlada pela Secretaria de Sa\u00fade do Estado e vai refor\u00e7ar o atendimento de munic\u00edpios vizinhos. No interior, o&hellip;<\/p>\n","protected":false},"author":1,"featured_media":19505,"comment_status":"open","ping_status":"open","sticky":false,"template":"","format":"standard","meta":{"footnotes":""},"categories":[1],"tags":[],"class_list":["post-19504","post","type-post","status-publish","format-standard","has-post-thumbnail","hentry","category-noticias"],"_links":{"self":[{"href":"https:\/\/blogdorogeriogomes.com.br\/noticias\/wp-json\/wp\/v2\/posts\/19504","targetHints":{"allow":["GET"]}}],"collection":[{"href":"https:\/\/blogdorogeriogomes.com.br\/noticias\/wp-json\/wp\/v2\/posts"}],"about":[{"href":"https:\/\/blogdorogeriogomes.com.br\/noticias\/wp-json\/wp\/v2\/types\/post"}],"author":[{"embeddable":true,"href":"https:\/\/blogdorogeriogomes.com.br\/noticias\/wp-json\/wp\/v2\/users\/1"}],"replies":[{"embeddable":true,"href":"https:\/\/blogdorogeriogomes.com.br\/noticias\/wp-json\/wp\/v2\/comments?post=19504"}],"version-history":[{"count":2,"href":"https:\/\/blogdorogeriogomes.com.br\/noticias\/wp-json\/wp\/v2\/posts\/19504\/revisions"}],"predecessor-version":[{"id":19527,"href":"https:\/\/blogdorogeriogomes.com.br\/noticias\/wp-json\/wp\/v2\/posts\/19504\/revisions\/19527"}],"wp:featuredmedia":[{"embeddable":true,"href":"https:\/\/blogdorogeriogomes.com.br\/noticias\/wp-json\/wp\/v2\/media\/19505"}],"wp:attachment":[{"href":"https:\/\/blogdorogeriogomes.com.br\/noticias\/wp-json\/wp\/v2\/media?parent=19504"}],"wp:term":[{"taxonomy":"category","embeddable":true,"href":"https:\/\/blogdorogeriogomes.com.br\/noticias\/wp-json\/wp\/v2\/categories?post=19504"},{"taxonomy":"post_tag","embeddable":true,"href":"https:\/\/blogdorogeriogomes.com.br\/noticias\/wp-json\/wp\/v2\/tags?post=19504"}],"curies":[{"name":"wp","href":"https:\/\/api.w.org\/{rel}","templated":true}]}}