{"id":19507,"date":"2020-12-21T09:26:27","date_gmt":"2020-12-21T09:26:27","guid":{"rendered":"https:\/\/blogdorogeriogomes.com.br\/?p=19507"},"modified":"2020-12-22T13:18:38","modified_gmt":"2020-12-22T13:18:38","slug":"caixa-paga-hoje-a-ultima-parcela-do-auxilio-emergencial-futuro-do-programa-ainda-e-incerto","status":"publish","type":"post","link":"https:\/\/blogdorogeriogomes.com.br\/noticias\/2020\/12\/caixa-paga-hoje-a-ultima-parcela-do-auxilio-emergencial-futuro-do-programa-ainda-e-incerto\/","title":{"rendered":"Caixa paga hoje a \u00faltima parcela do aux\u00edlio emergencial. Futuro do programa ainda \u00e9 incerto"},"content":{"rendered":"\n<p>A Caixa Econ\u00f4mica paga nesta segunda-feira, dia 21 de dezembro, uma nova parcela do aux\u00edlio emergencial, que pode ser de R$ 600 ou de R$ 300, dependendo de quando o benefici\u00e1rio teve seu cadastro aprovado. O pagamento de hoje \u00e9 o \u00faltimo para aniversariantes de setembro do p\u00fablico geral.<\/p>\n\n\n\n<p>Com o fim do aux\u00edlio emergencial a partir de janeiro, por decis\u00e3o do Governo Bolsonaro, a situa\u00e7\u00e3o deve piorar para a popula\u00e7\u00e3o mais pobre do Pa\u00eds. O Governo ainda n\u00e3o definiu que tipo de socorro financeiro vai dar aos mais necessitados diante da continuidade da pandemia da Covid-19 e ainda do alto \u00edndice de desemprego.<\/p>\n\n\n\n<p>S\u00f3 a redu\u00e7\u00e3o do aux\u00edlio emergencial pela metade j\u00e1 colocou a renda de cerca de 7 milh\u00f5es de pessoas abaixo do n\u00edvel de pobreza de at\u00e9 R$ 5,50 por dia em outubro deste ano, em rela\u00e7\u00e3o ao verificado em setembro. Esse n\u00famero deve subir para quase 17 milh\u00f5es ap\u00f3s a extin\u00e7\u00e3o do benef\u00edcio, no in\u00edcio de 2021, de acordo com estudo do pesquisador do Instituto Brasileiro de Economia da Funda\u00e7\u00e3o Getulio Vargas, Vin\u00edcius Botelho.<\/p>\n\n\n\n<figure class=\"wp-block-image size-large\"><img loading=\"lazy\" decoding=\"async\" width=\"1024\" height=\"768\" src=\"https:\/\/blogdorogeriogomes.com.br\/wp-content\/uploads\/2020\/12\/21-07-2020-app-auxilio-emergencial-3-1024x768.jpg\" alt=\"\" class=\"wp-image-19508\" srcset=\"https:\/\/blogdorogeriogomes.com.br\/noticias\/wp-content\/uploads\/2020\/12\/21-07-2020-app-auxilio-emergencial-3-1024x768.jpg 1024w, https:\/\/blogdorogeriogomes.com.br\/noticias\/wp-content\/uploads\/2020\/12\/21-07-2020-app-auxilio-emergencial-3-300x225.jpg 300w, https:\/\/blogdorogeriogomes.com.br\/noticias\/wp-content\/uploads\/2020\/12\/21-07-2020-app-auxilio-emergencial-3-768x576.jpg 768w, https:\/\/blogdorogeriogomes.com.br\/noticias\/wp-content\/uploads\/2020\/12\/21-07-2020-app-auxilio-emergencial-3-800x600.jpg 800w, https:\/\/blogdorogeriogomes.com.br\/noticias\/wp-content\/uploads\/2020\/12\/21-07-2020-app-auxilio-emergencial-3-400x300.jpg 400w, https:\/\/blogdorogeriogomes.com.br\/noticias\/wp-content\/uploads\/2020\/12\/21-07-2020-app-auxilio-emergencial-3.jpg 1200w\" sizes=\"auto, (max-width: 1024px) 100vw, 1024px\" \/><\/figure>\n","protected":false},"excerpt":{"rendered":"<p>A Caixa Econ\u00f4mica paga nesta segunda-feira, dia 21 de dezembro, uma nova parcela do aux\u00edlio emergencial, que pode ser de R$ 600 ou de R$ 300, dependendo de quando o benefici\u00e1rio teve seu cadastro aprovado. O pagamento de hoje \u00e9 o \u00faltimo para aniversariantes de setembro do p\u00fablico geral. Com o fim do aux\u00edlio emergencial a partir de janeiro, por decis\u00e3o do Governo Bolsonaro, a situa\u00e7\u00e3o deve piorar para a popula\u00e7\u00e3o mais pobre do Pa\u00eds. O Governo ainda n\u00e3o&hellip;<\/p>\n","protected":false},"author":1,"featured_media":19508,"comment_status":"open","ping_status":"open","sticky":false,"template":"","format":"standard","meta":{"footnotes":""},"categories":[1],"tags":[],"class_list":["post-19507","post","type-post","status-publish","format-standard","has-post-thumbnail","hentry","category-noticias"],"_links":{"self":[{"href":"https:\/\/blogdorogeriogomes.com.br\/noticias\/wp-json\/wp\/v2\/posts\/19507","targetHints":{"allow":["GET"]}}],"collection":[{"href":"https:\/\/blogdorogeriogomes.com.br\/noticias\/wp-json\/wp\/v2\/posts"}],"about":[{"href":"https:\/\/blogdorogeriogomes.com.br\/noticias\/wp-json\/wp\/v2\/types\/post"}],"author":[{"embeddable":true,"href":"https:\/\/blogdorogeriogomes.com.br\/noticias\/wp-json\/wp\/v2\/users\/1"}],"replies":[{"embeddable":true,"href":"https:\/\/blogdorogeriogomes.com.br\/noticias\/wp-json\/wp\/v2\/comments?post=19507"}],"version-history":[{"count":1,"href":"https:\/\/blogdorogeriogomes.com.br\/noticias\/wp-json\/wp\/v2\/posts\/19507\/revisions"}],"predecessor-version":[{"id":19509,"href":"https:\/\/blogdorogeriogomes.com.br\/noticias\/wp-json\/wp\/v2\/posts\/19507\/revisions\/19509"}],"wp:featuredmedia":[{"embeddable":true,"href":"https:\/\/blogdorogeriogomes.com.br\/noticias\/wp-json\/wp\/v2\/media\/19508"}],"wp:attachment":[{"href":"https:\/\/blogdorogeriogomes.com.br\/noticias\/wp-json\/wp\/v2\/media?parent=19507"}],"wp:term":[{"taxonomy":"category","embeddable":true,"href":"https:\/\/blogdorogeriogomes.com.br\/noticias\/wp-json\/wp\/v2\/categories?post=19507"},{"taxonomy":"post_tag","embeddable":true,"href":"https:\/\/blogdorogeriogomes.com.br\/noticias\/wp-json\/wp\/v2\/tags?post=19507"}],"curies":[{"name":"wp","href":"https:\/\/api.w.org\/{rel}","templated":true}]}}