{"id":19513,"date":"2020-12-21T22:54:50","date_gmt":"2020-12-21T22:54:50","guid":{"rendered":"https:\/\/blogdorogeriogomes.com.br\/?p=19513"},"modified":"2020-12-22T13:17:54","modified_gmt":"2020-12-22T13:17:54","slug":"jose-sarto-recebe-relatorio-geral-da-equipe-de-transicao-sobre-situacao-da-prefeitura-de-fortaleza","status":"publish","type":"post","link":"https:\/\/blogdorogeriogomes.com.br\/noticias\/2020\/12\/jose-sarto-recebe-relatorio-geral-da-equipe-de-transicao-sobre-situacao-da-prefeitura-de-fortaleza\/","title":{"rendered":"Jos\u00e9 Sarto recebe relat\u00f3rio geral da equipe de transi\u00e7\u00e3o sobre situa\u00e7\u00e3o da Prefeitura de Fortaleza"},"content":{"rendered":"\n<p>Ap\u00f3s encontro com a equipe de transi\u00e7\u00e3o, o prefeito eleito de Fortaleza, Jos\u00e9 Sarto (PDT), recebeu nesta segunda-feira, dia 21 de dezembro, no Pa\u00e7o Municipal, o relat\u00f3rio geral que trata sobre estrutura, organograma, situa\u00e7\u00e3o fiscal, for\u00e7a de trabalho e servi\u00e7os p\u00fablicos do Munic\u00edpio. O objetivo \u00e9 entregar a cada novo secret\u00e1rio um relat\u00f3rio espec\u00edfico detalhando a situa\u00e7\u00e3o geral da pasta que vier a assumir.<\/p>\n\n\n\n<p>&#8220;Todo o secretariado participou (da elabora\u00e7\u00e3o do documento) juntamente com a comiss\u00e3o de transi\u00e7\u00e3o e recebemos aqui v\u00e1rias observa\u00e7\u00f5es com rela\u00e7\u00e3o \u00e0 situa\u00e7\u00e3o fiscal do Munic\u00edpio de Fortaleza, \u00e0 quest\u00e3o de cr\u00e9ditos que temos a receber, \u00e0s quest\u00f5es da receitas, \u00e0s quest\u00f5es que preocupam o Munic\u00edpio como um todo, como a pandemia&#8221;, afirmou Sarto.<\/p>\n\n\n\n<p>O relat\u00f3rio \u00e9 resultado de 28 encontros realizados para a transi\u00e7\u00e3o e re\u00fane sugest\u00f5es para o Governo Sarto, com base na situa\u00e7\u00e3o atual da administra\u00e7\u00e3o e considerando o plano de governo do prefeito eleito. O documento aborda \u00e1reas como inova\u00e7\u00e3o, urbanismo, mobilidade urbana, assist\u00eancia social, sa\u00fade, educa\u00e7\u00e3o, cultura e prote\u00e7\u00e3o animal.<\/p>\n\n\n\n<p>De acordo com Sarto, ao reunir a\u00e7\u00f5es em andamento, propostas e diagn\u00f3sticos das secretarias, o relat\u00f3rio subsidiar\u00e1 a\u00e7\u00f5es da nova gest\u00e3o, contribuindo para a execu\u00e7\u00e3o do programa de governo. &#8220;Um material que ser\u00e1 muito rico para que a gente possa come\u00e7ar nossa gest\u00e3o e atender muito bem as demandas de todos os fortalezenses&#8221;, resumiu.<\/p>\n\n\n\n<p>A reuni\u00e3o desta segunda-feira tamb\u00e9m discutiu os desafios priorit\u00e1rios para 2021, como vacina\u00e7\u00e3o contra a Covid-19, regulariza\u00e7\u00e3o do calend\u00e1rio escolar e recupera\u00e7\u00e3o econ\u00f4mica.<\/p>\n\n\n\n<p>Na semana passada, Sarto esteve em Bras\u00edlia ao lado do prefeito Roberto Cl\u00e1udio (PDT), onde se reuniu com o ministro da Sa\u00fade, Eduardo Pazuello, para tratar sobre a disponibiliza\u00e7\u00e3o de vacinas contra a Covid-19 para a popula\u00e7\u00e3o de Fortaleza.<\/p>\n\n\n\n<p>Esse e outros temas, como recupera\u00e7\u00e3o economia e retorno seguro \u00e0s aulas, tamb\u00e9m foram discutidos em reuni\u00f5es em Bras\u00edlia com gestores do Fundo Nacional de Desenvolvimento da Educa\u00e7\u00e3o (FNDE) e representantes de institui\u00e7\u00f5es de financiamento, como o Banco Interamericano de Desenvolvimento (BID), Banco Mundial e Banco de Desenvolvimento da Am\u00e9rica Latina (CAF).<\/p>\n\n\n\n<figure class=\"wp-block-image size-large\"><img loading=\"lazy\" decoding=\"async\" width=\"1024\" height=\"768\" src=\"https:\/\/blogdorogeriogomes.com.br\/wp-content\/uploads\/2020\/12\/IMG-20201221-WA0136-1024x768.jpg\" alt=\"\" class=\"wp-image-19514\" srcset=\"https:\/\/blogdorogeriogomes.com.br\/noticias\/wp-content\/uploads\/2020\/12\/IMG-20201221-WA0136-1024x768.jpg 1024w, https:\/\/blogdorogeriogomes.com.br\/noticias\/wp-content\/uploads\/2020\/12\/IMG-20201221-WA0136-300x225.jpg 300w, https:\/\/blogdorogeriogomes.com.br\/noticias\/wp-content\/uploads\/2020\/12\/IMG-20201221-WA0136-768x576.jpg 768w, https:\/\/blogdorogeriogomes.com.br\/noticias\/wp-content\/uploads\/2020\/12\/IMG-20201221-WA0136-800x600.jpg 800w, https:\/\/blogdorogeriogomes.com.br\/noticias\/wp-content\/uploads\/2020\/12\/IMG-20201221-WA0136-400x300.jpg 400w, https:\/\/blogdorogeriogomes.com.br\/noticias\/wp-content\/uploads\/2020\/12\/IMG-20201221-WA0136.jpg 1280w\" sizes=\"auto, (max-width: 1024px) 100vw, 1024px\" \/><\/figure>\n","protected":false},"excerpt":{"rendered":"<p>Ap\u00f3s encontro com a equipe de transi\u00e7\u00e3o, o prefeito eleito de Fortaleza, Jos\u00e9 Sarto (PDT), recebeu nesta segunda-feira, dia 21 de dezembro, no Pa\u00e7o Municipal, o relat\u00f3rio geral que trata sobre estrutura, organograma, situa\u00e7\u00e3o fiscal, for\u00e7a de trabalho e servi\u00e7os p\u00fablicos do Munic\u00edpio. O objetivo \u00e9 entregar a cada novo secret\u00e1rio um relat\u00f3rio espec\u00edfico detalhando a situa\u00e7\u00e3o geral da pasta que vier a assumir. &#8220;Todo o secretariado participou (da elabora\u00e7\u00e3o do documento) juntamente com a comiss\u00e3o de transi\u00e7\u00e3o e&hellip;<\/p>\n","protected":false},"author":1,"featured_media":19514,"comment_status":"open","ping_status":"open","sticky":false,"template":"","format":"standard","meta":{"footnotes":""},"categories":[1],"tags":[],"class_list":["post-19513","post","type-post","status-publish","format-standard","has-post-thumbnail","hentry","category-noticias"],"_links":{"self":[{"href":"https:\/\/blogdorogeriogomes.com.br\/noticias\/wp-json\/wp\/v2\/posts\/19513","targetHints":{"allow":["GET"]}}],"collection":[{"href":"https:\/\/blogdorogeriogomes.com.br\/noticias\/wp-json\/wp\/v2\/posts"}],"about":[{"href":"https:\/\/blogdorogeriogomes.com.br\/noticias\/wp-json\/wp\/v2\/types\/post"}],"author":[{"embeddable":true,"href":"https:\/\/blogdorogeriogomes.com.br\/noticias\/wp-json\/wp\/v2\/users\/1"}],"replies":[{"embeddable":true,"href":"https:\/\/blogdorogeriogomes.com.br\/noticias\/wp-json\/wp\/v2\/comments?post=19513"}],"version-history":[{"count":1,"href":"https:\/\/blogdorogeriogomes.com.br\/noticias\/wp-json\/wp\/v2\/posts\/19513\/revisions"}],"predecessor-version":[{"id":19515,"href":"https:\/\/blogdorogeriogomes.com.br\/noticias\/wp-json\/wp\/v2\/posts\/19513\/revisions\/19515"}],"wp:featuredmedia":[{"embeddable":true,"href":"https:\/\/blogdorogeriogomes.com.br\/noticias\/wp-json\/wp\/v2\/media\/19514"}],"wp:attachment":[{"href":"https:\/\/blogdorogeriogomes.com.br\/noticias\/wp-json\/wp\/v2\/media?parent=19513"}],"wp:term":[{"taxonomy":"category","embeddable":true,"href":"https:\/\/blogdorogeriogomes.com.br\/noticias\/wp-json\/wp\/v2\/categories?post=19513"},{"taxonomy":"post_tag","embeddable":true,"href":"https:\/\/blogdorogeriogomes.com.br\/noticias\/wp-json\/wp\/v2\/tags?post=19513"}],"curies":[{"name":"wp","href":"https:\/\/api.w.org\/{rel}","templated":true}]}}