{"id":19516,"date":"2020-12-22T09:01:29","date_gmt":"2020-12-22T09:01:29","guid":{"rendered":"https:\/\/blogdorogeriogomes.com.br\/?p=19516"},"modified":"2020-12-22T13:17:34","modified_gmt":"2020-12-22T13:17:34","slug":"bancada-cearense-na-camara-federal-sofre-mudancas-no-inicio-do-proximo-ano","status":"publish","type":"post","link":"https:\/\/blogdorogeriogomes.com.br\/noticias\/2020\/12\/bancada-cearense-na-camara-federal-sofre-mudancas-no-inicio-do-proximo-ano\/","title":{"rendered":"Bancada cearense na C\u00e2mara Federal sofre mudan\u00e7as no in\u00edcio do pr\u00f3ximo ano"},"content":{"rendered":"\n<p>A bancada cearense na C\u00e2mara dos Deputados, em Bras\u00edlia, conta com 22 deputados federais. A mudan\u00e7a mais recente foi a sa\u00edda do deputado federal Roberto Pessoa (PSDB), eleito prefeito de Maracana\u00fa, para a entrada de Danilo Forte que assumiu o mandato.<\/p>\n\n\n\n<p>Agora, em janeiro, a deputada federal Luizianne Lins (PT), na foto, vai tirar uma licen\u00e7a pessoal de 120 dias. Gorete Pereira assumir\u00e1 como suplente. O deputado federal Mauro Filho (PDT), na foto, tamb\u00e9m dever\u00e1 no primeiro semestre voltar a assumir a Secretaria de Planejamento do Governo Camilo Santana. Assim, abre vaga para An\u00edbal Gomes (DEM).<\/p>\n\n\n\n<figure class=\"wp-block-image size-large\"><img loading=\"lazy\" decoding=\"async\" width=\"400\" height=\"407\" src=\"https:\/\/blogdorogeriogomes.com.br\/wp-content\/uploads\/2020\/12\/images-112.jpeg\" alt=\"\" class=\"wp-image-19517\" srcset=\"https:\/\/blogdorogeriogomes.com.br\/noticias\/wp-content\/uploads\/2020\/12\/images-112.jpeg 400w, https:\/\/blogdorogeriogomes.com.br\/noticias\/wp-content\/uploads\/2020\/12\/images-112-295x300.jpeg 295w, https:\/\/blogdorogeriogomes.com.br\/noticias\/wp-content\/uploads\/2020\/12\/images-112-50x52.jpeg 50w\" sizes=\"auto, (max-width: 400px) 100vw, 400px\" \/><\/figure>\n","protected":false},"excerpt":{"rendered":"<p>A bancada cearense na C\u00e2mara dos Deputados, em Bras\u00edlia, conta com 22 deputados federais. A mudan\u00e7a mais recente foi a sa\u00edda do deputado federal Roberto Pessoa (PSDB), eleito prefeito de Maracana\u00fa, para a entrada de Danilo Forte que assumiu o mandato. Agora, em janeiro, a deputada federal Luizianne Lins (PT), na foto, vai tirar uma licen\u00e7a pessoal de 120 dias. Gorete Pereira assumir\u00e1 como suplente. O deputado federal Mauro Filho (PDT), na foto, tamb\u00e9m dever\u00e1 no primeiro semestre voltar&hellip;<\/p>\n","protected":false},"author":1,"featured_media":19517,"comment_status":"open","ping_status":"open","sticky":false,"template":"","format":"standard","meta":{"footnotes":""},"categories":[1],"tags":[],"class_list":["post-19516","post","type-post","status-publish","format-standard","has-post-thumbnail","hentry","category-noticias"],"_links":{"self":[{"href":"https:\/\/blogdorogeriogomes.com.br\/noticias\/wp-json\/wp\/v2\/posts\/19516","targetHints":{"allow":["GET"]}}],"collection":[{"href":"https:\/\/blogdorogeriogomes.com.br\/noticias\/wp-json\/wp\/v2\/posts"}],"about":[{"href":"https:\/\/blogdorogeriogomes.com.br\/noticias\/wp-json\/wp\/v2\/types\/post"}],"author":[{"embeddable":true,"href":"https:\/\/blogdorogeriogomes.com.br\/noticias\/wp-json\/wp\/v2\/users\/1"}],"replies":[{"embeddable":true,"href":"https:\/\/blogdorogeriogomes.com.br\/noticias\/wp-json\/wp\/v2\/comments?post=19516"}],"version-history":[{"count":1,"href":"https:\/\/blogdorogeriogomes.com.br\/noticias\/wp-json\/wp\/v2\/posts\/19516\/revisions"}],"predecessor-version":[{"id":19518,"href":"https:\/\/blogdorogeriogomes.com.br\/noticias\/wp-json\/wp\/v2\/posts\/19516\/revisions\/19518"}],"wp:featuredmedia":[{"embeddable":true,"href":"https:\/\/blogdorogeriogomes.com.br\/noticias\/wp-json\/wp\/v2\/media\/19517"}],"wp:attachment":[{"href":"https:\/\/blogdorogeriogomes.com.br\/noticias\/wp-json\/wp\/v2\/media?parent=19516"}],"wp:term":[{"taxonomy":"category","embeddable":true,"href":"https:\/\/blogdorogeriogomes.com.br\/noticias\/wp-json\/wp\/v2\/categories?post=19516"},{"taxonomy":"post_tag","embeddable":true,"href":"https:\/\/blogdorogeriogomes.com.br\/noticias\/wp-json\/wp\/v2\/tags?post=19516"}],"curies":[{"name":"wp","href":"https:\/\/api.w.org\/{rel}","templated":true}]}}