{"id":19519,"date":"2020-12-22T09:21:28","date_gmt":"2020-12-22T09:21:28","guid":{"rendered":"https:\/\/blogdorogeriogomes.com.br\/?p=19519"},"modified":"2020-12-22T13:17:24","modified_gmt":"2020-12-22T13:17:24","slug":"prefeito-do-rio-de-janeiro-marcelo-crivella-e-preso-em-operacao-do-ministerio-publico","status":"publish","type":"post","link":"https:\/\/blogdorogeriogomes.com.br\/noticias\/2020\/12\/prefeito-do-rio-de-janeiro-marcelo-crivella-e-preso-em-operacao-do-ministerio-publico\/","title":{"rendered":"Prefeito do Rio de Janeiro, Marcelo Crivella, \u00e9 preso em opera\u00e7\u00e3o do Minist\u00e9rio P\u00fablico"},"content":{"rendered":"\n<p>O prefeito do Rio de Janeiro, Marcelo Crivella (Republicanos) foi preso na manh\u00e3 desta ter\u00e7a-feira, dia 22 de dezembro, em opera\u00e7\u00e3o da Pol\u00edcia Civil e o Minist\u00e9rio P\u00fablico do Rio de Janeiro. Tamb\u00e9m foram presos o empres\u00e1rio Rafael Alves e o delegado Fernando Moraes. Tamb\u00e9m \u00e9 alvo da opera\u00e7\u00e3o o ex-senador Eduardo Lopes. <\/p>\n\n\n\n<p>A a\u00e7\u00e3o \u00e9 um desdobramento da Opera\u00e7\u00e3o Hades, que investiga um suposto &#8216;QG da Propina&#8217; na Prefeitura do Rio de Janeiro.<\/p>\n\n\n\n<p>Marcelo Crivella tentou a reelei\u00e7\u00e3o no pleito deste ano, mas foi derrotado no segundo turno por Eduardo Paes (DEM).<\/p>\n\n\n\n<figure class=\"wp-block-image size-large\"><img loading=\"lazy\" decoding=\"async\" width=\"715\" height=\"429\" src=\"https:\/\/blogdorogeriogomes.com.br\/wp-content\/uploads\/2020\/12\/images-12-2.jpeg\" alt=\"\" class=\"wp-image-19520\" srcset=\"https:\/\/blogdorogeriogomes.com.br\/noticias\/wp-content\/uploads\/2020\/12\/images-12-2.jpeg 715w, https:\/\/blogdorogeriogomes.com.br\/noticias\/wp-content\/uploads\/2020\/12\/images-12-2-300x180.jpeg 300w\" sizes=\"auto, (max-width: 715px) 100vw, 715px\" \/><\/figure>\n","protected":false},"excerpt":{"rendered":"<p>O prefeito do Rio de Janeiro, Marcelo Crivella (Republicanos) foi preso na manh\u00e3 desta ter\u00e7a-feira, dia 22 de dezembro, em opera\u00e7\u00e3o da Pol\u00edcia Civil e o Minist\u00e9rio P\u00fablico do Rio de Janeiro. Tamb\u00e9m foram presos o empres\u00e1rio Rafael Alves e o delegado Fernando Moraes. Tamb\u00e9m \u00e9 alvo da opera\u00e7\u00e3o o ex-senador Eduardo Lopes. A a\u00e7\u00e3o \u00e9 um desdobramento da Opera\u00e7\u00e3o Hades, que investiga um suposto &#8216;QG da Propina&#8217; na Prefeitura do Rio de Janeiro. Marcelo Crivella tentou a reelei\u00e7\u00e3o&hellip;<\/p>\n","protected":false},"author":1,"featured_media":19520,"comment_status":"open","ping_status":"open","sticky":false,"template":"","format":"standard","meta":{"footnotes":""},"categories":[1],"tags":[],"class_list":["post-19519","post","type-post","status-publish","format-standard","has-post-thumbnail","hentry","category-noticias"],"_links":{"self":[{"href":"https:\/\/blogdorogeriogomes.com.br\/noticias\/wp-json\/wp\/v2\/posts\/19519","targetHints":{"allow":["GET"]}}],"collection":[{"href":"https:\/\/blogdorogeriogomes.com.br\/noticias\/wp-json\/wp\/v2\/posts"}],"about":[{"href":"https:\/\/blogdorogeriogomes.com.br\/noticias\/wp-json\/wp\/v2\/types\/post"}],"author":[{"embeddable":true,"href":"https:\/\/blogdorogeriogomes.com.br\/noticias\/wp-json\/wp\/v2\/users\/1"}],"replies":[{"embeddable":true,"href":"https:\/\/blogdorogeriogomes.com.br\/noticias\/wp-json\/wp\/v2\/comments?post=19519"}],"version-history":[{"count":1,"href":"https:\/\/blogdorogeriogomes.com.br\/noticias\/wp-json\/wp\/v2\/posts\/19519\/revisions"}],"predecessor-version":[{"id":19521,"href":"https:\/\/blogdorogeriogomes.com.br\/noticias\/wp-json\/wp\/v2\/posts\/19519\/revisions\/19521"}],"wp:featuredmedia":[{"embeddable":true,"href":"https:\/\/blogdorogeriogomes.com.br\/noticias\/wp-json\/wp\/v2\/media\/19520"}],"wp:attachment":[{"href":"https:\/\/blogdorogeriogomes.com.br\/noticias\/wp-json\/wp\/v2\/media?parent=19519"}],"wp:term":[{"taxonomy":"category","embeddable":true,"href":"https:\/\/blogdorogeriogomes.com.br\/noticias\/wp-json\/wp\/v2\/categories?post=19519"},{"taxonomy":"post_tag","embeddable":true,"href":"https:\/\/blogdorogeriogomes.com.br\/noticias\/wp-json\/wp\/v2\/tags?post=19519"}],"curies":[{"name":"wp","href":"https:\/\/api.w.org\/{rel}","templated":true}]}}