{"id":19522,"date":"2020-12-22T12:53:18","date_gmt":"2020-12-22T12:53:18","guid":{"rendered":"https:\/\/blogdorogeriogomes.com.br\/?p=19522"},"modified":"2020-12-22T13:17:11","modified_gmt":"2020-12-22T13:17:11","slug":"consorcio-do-nordeste-recomenda-medidas-mais-restritivas-contra-a-covid-19-e-formacao-de-comite-para-compra-de-vacinas","status":"publish","type":"post","link":"https:\/\/blogdorogeriogomes.com.br\/noticias\/2020\/12\/consorcio-do-nordeste-recomenda-medidas-mais-restritivas-contra-a-covid-19-e-formacao-de-comite-para-compra-de-vacinas\/","title":{"rendered":"Cons\u00f3rcio do Nordeste recomenda medidas mais restritivas contra a Covid-19 e forma\u00e7\u00e3o de comit\u00ea para compra de vacinas"},"content":{"rendered":"\n<p>O Cons\u00f3rcio de Governadores do Nordeste emitiu um parecer onde recomenda medidas ainda mais restritivas para as cidades que apresentam aumento de casos e mortes pela Covid-19, principalmente aquelas com mais de 80% de ocupa\u00e7\u00e3o dos leitos de UTI. Documento divulgado pelo cons\u00f3rcio j\u00e1 admite a exist\u00eancia de uma segunda onda da pandemia no Pa\u00eds.<\/p>\n\n\n\n<p>Outra recomenda\u00e7\u00e3o do cons\u00f3rcio \u00e9 a forma\u00e7\u00e3o de um comit\u00ea nacional emergencial de vacina\u00e7\u00e3o independente, que atue na assessoria dos 27 governos estaduais nas negocia\u00e7\u00f5es com o Minist\u00e9rio da Sa\u00fade e fornecedores internacionais.&nbsp;<\/p>\n\n\n\n<p>O&nbsp;Cons\u00f3rcio de Governadores do Nordeste recomenda a negocia\u00e7\u00e3o das vacinas com todos os&nbsp;fornecedores que tenham tido sua efic\u00e1cia e seguran\u00e7a demonstradas e que tenham sido aprovadas para uso, quer pela Anvisa,&nbsp;quer por institui\u00e7\u00f5es reconhecidas internacionalmente como o FDA americano e o CDC&nbsp;europeu.<\/p>\n\n\n\n<figure class=\"wp-block-image size-large\"><img loading=\"lazy\" decoding=\"async\" width=\"739\" height=\"415\" src=\"https:\/\/blogdorogeriogomes.com.br\/wp-content\/uploads\/2020\/12\/images-13-1.jpeg\" alt=\"\" class=\"wp-image-19523\" srcset=\"https:\/\/blogdorogeriogomes.com.br\/noticias\/wp-content\/uploads\/2020\/12\/images-13-1.jpeg 739w, https:\/\/blogdorogeriogomes.com.br\/noticias\/wp-content\/uploads\/2020\/12\/images-13-1-300x168.jpeg 300w\" sizes=\"auto, (max-width: 739px) 100vw, 739px\" \/><\/figure>\n","protected":false},"excerpt":{"rendered":"<p>O Cons\u00f3rcio de Governadores do Nordeste emitiu um parecer onde recomenda medidas ainda mais restritivas para as cidades que apresentam aumento de casos e mortes pela Covid-19, principalmente aquelas com mais de 80% de ocupa\u00e7\u00e3o dos leitos de UTI. Documento divulgado pelo cons\u00f3rcio j\u00e1 admite a exist\u00eancia de uma segunda onda da pandemia no Pa\u00eds. Outra recomenda\u00e7\u00e3o do cons\u00f3rcio \u00e9 a forma\u00e7\u00e3o de um comit\u00ea nacional emergencial de vacina\u00e7\u00e3o independente, que atue na assessoria dos 27 governos estaduais nas&hellip;<\/p>\n","protected":false},"author":1,"featured_media":19523,"comment_status":"open","ping_status":"open","sticky":false,"template":"","format":"standard","meta":{"footnotes":""},"categories":[1],"tags":[],"class_list":["post-19522","post","type-post","status-publish","format-standard","has-post-thumbnail","hentry","category-noticias"],"_links":{"self":[{"href":"https:\/\/blogdorogeriogomes.com.br\/noticias\/wp-json\/wp\/v2\/posts\/19522","targetHints":{"allow":["GET"]}}],"collection":[{"href":"https:\/\/blogdorogeriogomes.com.br\/noticias\/wp-json\/wp\/v2\/posts"}],"about":[{"href":"https:\/\/blogdorogeriogomes.com.br\/noticias\/wp-json\/wp\/v2\/types\/post"}],"author":[{"embeddable":true,"href":"https:\/\/blogdorogeriogomes.com.br\/noticias\/wp-json\/wp\/v2\/users\/1"}],"replies":[{"embeddable":true,"href":"https:\/\/blogdorogeriogomes.com.br\/noticias\/wp-json\/wp\/v2\/comments?post=19522"}],"version-history":[{"count":2,"href":"https:\/\/blogdorogeriogomes.com.br\/noticias\/wp-json\/wp\/v2\/posts\/19522\/revisions"}],"predecessor-version":[{"id":19525,"href":"https:\/\/blogdorogeriogomes.com.br\/noticias\/wp-json\/wp\/v2\/posts\/19522\/revisions\/19525"}],"wp:featuredmedia":[{"embeddable":true,"href":"https:\/\/blogdorogeriogomes.com.br\/noticias\/wp-json\/wp\/v2\/media\/19523"}],"wp:attachment":[{"href":"https:\/\/blogdorogeriogomes.com.br\/noticias\/wp-json\/wp\/v2\/media?parent=19522"}],"wp:term":[{"taxonomy":"category","embeddable":true,"href":"https:\/\/blogdorogeriogomes.com.br\/noticias\/wp-json\/wp\/v2\/categories?post=19522"},{"taxonomy":"post_tag","embeddable":true,"href":"https:\/\/blogdorogeriogomes.com.br\/noticias\/wp-json\/wp\/v2\/tags?post=19522"}],"curies":[{"name":"wp","href":"https:\/\/api.w.org\/{rel}","templated":true}]}}