{"id":19536,"date":"2020-12-23T09:30:56","date_gmt":"2020-12-23T09:30:56","guid":{"rendered":"https:\/\/blogdorogeriogomes.com.br\/?p=19536"},"modified":"2021-01-04T10:26:53","modified_gmt":"2021-01-04T10:26:53","slug":"stj-determina-prisao-domiciliar-para-crivella-e-bolsonaro-se-mantem-em-silencio-sobre-prisao-do-aliado","status":"publish","type":"post","link":"https:\/\/blogdorogeriogomes.com.br\/noticias\/2020\/12\/stj-determina-prisao-domiciliar-para-crivella-e-bolsonaro-se-mantem-em-silencio-sobre-prisao-do-aliado\/","title":{"rendered":"STJ determina pris\u00e3o domiciliar para Crivella e Bolsonaro se mant\u00e9m em sil\u00eancio sobre pris\u00e3o do aliado"},"content":{"rendered":"\n<p>Menos de 24 horas depois de ser preso, o prefeito do Rio de Janeiro, Marcelo Crivella, foi colocado em pris\u00e3o domiciliar com uso de tornozeleira ap\u00f3s decis\u00e3o do presidente do Superior Tribunal de Justi\u00e7a (STJ), ministro Humberto Martins. Crivella foi preso a nove dias de deixar o cargo ao ser acusado de liderar um QG da Propina dentro da prefeitura carioca.<\/p>\n\n\n\n<p>Durante toda a ter\u00e7a-feira, o presidente Jair Bolsonaro se manteve em sil\u00eancio sobre a pris\u00e3o do aliado. Bolsonaro tentou reeleger Crivella no Rio de Janeiro sem sucesso. Ser\u00e1 dif\u00edcil evitar o desgaste com a narrativa de mais uma derrota do chefe do Executivo federal. Depois da pris\u00e3o, a internet ficou repleta de fotos e v\u00eddeos de Bolsonaro ao lado do prefeito. O v\u00eddeo mais compartilhado foi a do presidente dan\u00e7ando com Crivella em um culto no Rio de Janeiro.<\/p>\n\n\n\n<p>Dois dos tr\u00eas filhos pol\u00edticos do presidente migraram para o Republicanos, partido de Marcelo Crivella: o senador Fl\u00e1vio Bolsonaro (RJ) e o vereador Carlos Bolsonaro (RJ). Agora, a ordem \u00e9 se afastar de mais um esc\u00e2ndalo de corrup\u00e7\u00e3o. &nbsp;&#8220;Para o governo n\u00e3o tem impacto nenhum. N\u00e3o tem nada a ver com a gente&#8221;, disse o vice-presidente Hamilton Mour\u00e3o.<\/p>\n\n\n\n<figure class=\"wp-block-image size-large\"><img loading=\"lazy\" decoding=\"async\" width=\"1024\" height=\"576\" src=\"https:\/\/blogdorogeriogomes.com.br\/wp-content\/uploads\/2020\/12\/50326951621-d93b536778-3k-1024x576.jpg\" alt=\"\" class=\"wp-image-19537\" srcset=\"https:\/\/blogdorogeriogomes.com.br\/noticias\/wp-content\/uploads\/2020\/12\/50326951621-d93b536778-3k-1024x576.jpg 1024w, https:\/\/blogdorogeriogomes.com.br\/noticias\/wp-content\/uploads\/2020\/12\/50326951621-d93b536778-3k-300x169.jpg 300w, https:\/\/blogdorogeriogomes.com.br\/noticias\/wp-content\/uploads\/2020\/12\/50326951621-d93b536778-3k-768x432.jpg 768w, https:\/\/blogdorogeriogomes.com.br\/noticias\/wp-content\/uploads\/2020\/12\/50326951621-d93b536778-3k-800x450.jpg 800w, https:\/\/blogdorogeriogomes.com.br\/noticias\/wp-content\/uploads\/2020\/12\/50326951621-d93b536778-3k.jpg 1080w\" sizes=\"auto, (max-width: 1024px) 100vw, 1024px\" \/><\/figure>\n\n\n\n<p><\/p>\n","protected":false},"excerpt":{"rendered":"<p>Menos de 24 horas depois de ser preso, o prefeito do Rio de Janeiro, Marcelo Crivella, foi colocado em pris\u00e3o domiciliar com uso de tornozeleira ap\u00f3s decis\u00e3o do presidente do Superior Tribunal de Justi\u00e7a (STJ), ministro Humberto Martins. Crivella foi preso a nove dias de deixar o cargo ao ser acusado de liderar um QG da Propina dentro da prefeitura carioca. Durante toda a ter\u00e7a-feira, o presidente Jair Bolsonaro se manteve em sil\u00eancio sobre a pris\u00e3o do aliado. Bolsonaro&hellip;<\/p>\n","protected":false},"author":1,"featured_media":19537,"comment_status":"open","ping_status":"open","sticky":false,"template":"","format":"standard","meta":{"footnotes":""},"categories":[1],"tags":[],"class_list":["post-19536","post","type-post","status-publish","format-standard","has-post-thumbnail","hentry","category-noticias"],"_links":{"self":[{"href":"https:\/\/blogdorogeriogomes.com.br\/noticias\/wp-json\/wp\/v2\/posts\/19536","targetHints":{"allow":["GET"]}}],"collection":[{"href":"https:\/\/blogdorogeriogomes.com.br\/noticias\/wp-json\/wp\/v2\/posts"}],"about":[{"href":"https:\/\/blogdorogeriogomes.com.br\/noticias\/wp-json\/wp\/v2\/types\/post"}],"author":[{"embeddable":true,"href":"https:\/\/blogdorogeriogomes.com.br\/noticias\/wp-json\/wp\/v2\/users\/1"}],"replies":[{"embeddable":true,"href":"https:\/\/blogdorogeriogomes.com.br\/noticias\/wp-json\/wp\/v2\/comments?post=19536"}],"version-history":[{"count":2,"href":"https:\/\/blogdorogeriogomes.com.br\/noticias\/wp-json\/wp\/v2\/posts\/19536\/revisions"}],"predecessor-version":[{"id":19632,"href":"https:\/\/blogdorogeriogomes.com.br\/noticias\/wp-json\/wp\/v2\/posts\/19536\/revisions\/19632"}],"wp:featuredmedia":[{"embeddable":true,"href":"https:\/\/blogdorogeriogomes.com.br\/noticias\/wp-json\/wp\/v2\/media\/19537"}],"wp:attachment":[{"href":"https:\/\/blogdorogeriogomes.com.br\/noticias\/wp-json\/wp\/v2\/media?parent=19536"}],"wp:term":[{"taxonomy":"category","embeddable":true,"href":"https:\/\/blogdorogeriogomes.com.br\/noticias\/wp-json\/wp\/v2\/categories?post=19536"},{"taxonomy":"post_tag","embeddable":true,"href":"https:\/\/blogdorogeriogomes.com.br\/noticias\/wp-json\/wp\/v2\/tags?post=19536"}],"curies":[{"name":"wp","href":"https:\/\/api.w.org\/{rel}","templated":true}]}}