{"id":19539,"date":"2020-12-23T09:54:36","date_gmt":"2020-12-23T09:54:36","guid":{"rendered":"https:\/\/blogdorogeriogomes.com.br\/?p=19539"},"modified":"2021-01-04T10:26:44","modified_gmt":"2021-01-04T10:26:44","slug":"escolas-publicas-em-fortaleza-estao-prontas-para-retorno-presencial-mas-governo-estadual-e-que-definira-o-protocolo-de-volta-as-aulas","status":"publish","type":"post","link":"https:\/\/blogdorogeriogomes.com.br\/noticias\/2020\/12\/escolas-publicas-em-fortaleza-estao-prontas-para-retorno-presencial-mas-governo-estadual-e-que-definira-o-protocolo-de-volta-as-aulas\/","title":{"rendered":"Escolas p\u00fablicas em Fortaleza est\u00e3o prontas para retorno presencial, mas Governo Estadual \u00e9 que definir\u00e1 o protocolo de volta \u00e0s aulas"},"content":{"rendered":"\n<p>A Secretaria de Educa\u00e7\u00e3o de Fortaleza concluiu o plano de retorno das aulas presenciais na rede p\u00fablica de ensino da Capital. O prefeito eleito Jos\u00e9 Sarto confirmou que uma s\u00e9rie de&nbsp;mudan\u00e7as na estrutura f\u00edsica das escolas foi feita para receber os alunos, no caso de retorno do ensino presencial. Salas de aula e banheiros foram adaptados para ter maior ventila\u00e7\u00e3o e ser\u00e1 tornado obrigat\u00f3rio o uso de totens de imuniza\u00e7\u00e3o com \u00e1lcool em gel para alunos, professores e funcion\u00e1rios.<\/p>\n\n\n\n<p>O retorno das aulas, no entanto, depende do protocolo a ser definido pelo Governo do Estado. De acordo com o governador Camilo Santana, a ideia \u00e9 que as aulas presenciais na rede estadual possam retornar em fevereiro de 2021, mas sendo observados o cen\u00e1rio epidemiol\u00f3gico da doen\u00e7a, o escalonamento de turmas e o rod\u00edzio de alunos. Em qualquer cen\u00e1rio, a op\u00e7\u00e3o do ensino remoto continua mantido para os pais que n\u00e3o queiram a volta dos alunos \u00e0 sala de aula.<\/p>\n\n\n\n<figure class=\"wp-block-image size-large\"><img loading=\"lazy\" decoding=\"async\" width=\"678\" height=\"452\" src=\"https:\/\/blogdorogeriogomes.com.br\/wp-content\/uploads\/2020\/12\/images-14-1.jpeg\" alt=\"\" class=\"wp-image-19540\" srcset=\"https:\/\/blogdorogeriogomes.com.br\/noticias\/wp-content\/uploads\/2020\/12\/images-14-1.jpeg 678w, https:\/\/blogdorogeriogomes.com.br\/noticias\/wp-content\/uploads\/2020\/12\/images-14-1-300x200.jpeg 300w\" sizes=\"auto, (max-width: 678px) 100vw, 678px\" \/><\/figure>\n","protected":false},"excerpt":{"rendered":"<p>A Secretaria de Educa\u00e7\u00e3o de Fortaleza concluiu o plano de retorno das aulas presenciais na rede p\u00fablica de ensino da Capital. O prefeito eleito Jos\u00e9 Sarto confirmou que uma s\u00e9rie de&nbsp;mudan\u00e7as na estrutura f\u00edsica das escolas foi feita para receber os alunos, no caso de retorno do ensino presencial. Salas de aula e banheiros foram adaptados para ter maior ventila\u00e7\u00e3o e ser\u00e1 tornado obrigat\u00f3rio o uso de totens de imuniza\u00e7\u00e3o com \u00e1lcool em gel para alunos, professores e funcion\u00e1rios.&hellip;<\/p>\n","protected":false},"author":1,"featured_media":19540,"comment_status":"open","ping_status":"open","sticky":false,"template":"","format":"standard","meta":{"footnotes":""},"categories":[1],"tags":[],"class_list":["post-19539","post","type-post","status-publish","format-standard","has-post-thumbnail","hentry","category-noticias"],"_links":{"self":[{"href":"https:\/\/blogdorogeriogomes.com.br\/noticias\/wp-json\/wp\/v2\/posts\/19539","targetHints":{"allow":["GET"]}}],"collection":[{"href":"https:\/\/blogdorogeriogomes.com.br\/noticias\/wp-json\/wp\/v2\/posts"}],"about":[{"href":"https:\/\/blogdorogeriogomes.com.br\/noticias\/wp-json\/wp\/v2\/types\/post"}],"author":[{"embeddable":true,"href":"https:\/\/blogdorogeriogomes.com.br\/noticias\/wp-json\/wp\/v2\/users\/1"}],"replies":[{"embeddable":true,"href":"https:\/\/blogdorogeriogomes.com.br\/noticias\/wp-json\/wp\/v2\/comments?post=19539"}],"version-history":[{"count":2,"href":"https:\/\/blogdorogeriogomes.com.br\/noticias\/wp-json\/wp\/v2\/posts\/19539\/revisions"}],"predecessor-version":[{"id":19631,"href":"https:\/\/blogdorogeriogomes.com.br\/noticias\/wp-json\/wp\/v2\/posts\/19539\/revisions\/19631"}],"wp:featuredmedia":[{"embeddable":true,"href":"https:\/\/blogdorogeriogomes.com.br\/noticias\/wp-json\/wp\/v2\/media\/19540"}],"wp:attachment":[{"href":"https:\/\/blogdorogeriogomes.com.br\/noticias\/wp-json\/wp\/v2\/media?parent=19539"}],"wp:term":[{"taxonomy":"category","embeddable":true,"href":"https:\/\/blogdorogeriogomes.com.br\/noticias\/wp-json\/wp\/v2\/categories?post=19539"},{"taxonomy":"post_tag","embeddable":true,"href":"https:\/\/blogdorogeriogomes.com.br\/noticias\/wp-json\/wp\/v2\/tags?post=19539"}],"curies":[{"name":"wp","href":"https:\/\/api.w.org\/{rel}","templated":true}]}}