{"id":19551,"date":"2020-12-24T11:23:22","date_gmt":"2020-12-24T11:23:22","guid":{"rendered":"https:\/\/blogdorogeriogomes.com.br\/?p=19551"},"modified":"2021-01-04T10:26:15","modified_gmt":"2021-01-04T10:26:15","slug":"governo-do-ceara-firma-convenio-com-o-butantan-para-receber-dois-milhoes-de-doses-da-coronavac-em-janeiro","status":"publish","type":"post","link":"https:\/\/blogdorogeriogomes.com.br\/noticias\/2020\/12\/governo-do-ceara-firma-convenio-com-o-butantan-para-receber-dois-milhoes-de-doses-da-coronavac-em-janeiro\/","title":{"rendered":"Governo do Cear\u00e1 firma conv\u00eanio com o Butantan para receber dois milh\u00f5es de doses da CoronaVac em janeiro"},"content":{"rendered":"\n<p>O Governo do Cear\u00e1 firmou um acordo com a Funda\u00e7\u00e3o Butantan para o fornecimento de dois milh\u00f5es de doses da vacina Coronavac ao Estado, a partir de janeiro de 2021. H\u00e1 probabilidade de entregas adicionais em fevereiro e uma de maior volume a partir de maio. Um memorando de inten\u00e7\u00e3o foi assinado na ter\u00e7a-feira, dia 22 de dezembro, pelo secret\u00e1rio da Sa\u00fade do Cear\u00e1, Carlos Roberto Martins Rodrigues Sobrinho (Dr. Cabeto), e Rui Curi, presidente diretor da institui\u00e7\u00e3o paulista.<\/p>\n\n\n\n<p>O governo de S\u00e3o Paulo e o Instituto Butantan anunciaram hoje que a vacina CoronaVac, contra Covid-19, produzida em parceria com o laborat\u00f3rio SinoVac, apresentou seguran\u00e7a e efic\u00e1cia suficientes para pedir registro de uso emergencial. <\/p>\n\n\n\n<p>A taxa de efic\u00e1cia n\u00e3o foi divulgada, segundo as autoridades, a pedido do laborat\u00f3rio chin\u00eas, que revisar\u00e1 os dados antes que eles sejam encaminhados para a Anvisa (Ag\u00eancia Nacional de Vigil\u00e2ncia Sanit\u00e1ria). O \u00f3rg\u00e3o s\u00f3 deve receber a documenta\u00e7\u00e3o em at\u00e9 15 dias.<\/p>\n\n\n\n<figure class=\"wp-block-image size-large\"><img loading=\"lazy\" decoding=\"async\" width=\"1024\" height=\"683\" src=\"https:\/\/blogdorogeriogomes.com.br\/wp-content\/uploads\/2020\/12\/vac-1200x800-1-1024x683.jpeg\" alt=\"\" class=\"wp-image-19552\" srcset=\"https:\/\/blogdorogeriogomes.com.br\/noticias\/wp-content\/uploads\/2020\/12\/vac-1200x800-1-1024x683.jpeg 1024w, https:\/\/blogdorogeriogomes.com.br\/noticias\/wp-content\/uploads\/2020\/12\/vac-1200x800-1-300x200.jpeg 300w, https:\/\/blogdorogeriogomes.com.br\/noticias\/wp-content\/uploads\/2020\/12\/vac-1200x800-1-768x512.jpeg 768w, https:\/\/blogdorogeriogomes.com.br\/noticias\/wp-content\/uploads\/2020\/12\/vac-1200x800-1-800x533.jpeg 800w, https:\/\/blogdorogeriogomes.com.br\/noticias\/wp-content\/uploads\/2020\/12\/vac-1200x800-1.jpeg 1200w\" sizes=\"auto, (max-width: 1024px) 100vw, 1024px\" \/><\/figure>\n","protected":false},"excerpt":{"rendered":"<p>O Governo do Cear\u00e1 firmou um acordo com a Funda\u00e7\u00e3o Butantan para o fornecimento de dois milh\u00f5es de doses da vacina Coronavac ao Estado, a partir de janeiro de 2021. H\u00e1 probabilidade de entregas adicionais em fevereiro e uma de maior volume a partir de maio. Um memorando de inten\u00e7\u00e3o foi assinado na ter\u00e7a-feira, dia 22 de dezembro, pelo secret\u00e1rio da Sa\u00fade do Cear\u00e1, Carlos Roberto Martins Rodrigues Sobrinho (Dr. Cabeto), e Rui Curi, presidente diretor da institui\u00e7\u00e3o paulista.&hellip;<\/p>\n","protected":false},"author":1,"featured_media":19552,"comment_status":"open","ping_status":"open","sticky":false,"template":"","format":"standard","meta":{"footnotes":""},"categories":[1],"tags":[],"class_list":["post-19551","post","type-post","status-publish","format-standard","has-post-thumbnail","hentry","category-noticias"],"_links":{"self":[{"href":"https:\/\/blogdorogeriogomes.com.br\/noticias\/wp-json\/wp\/v2\/posts\/19551","targetHints":{"allow":["GET"]}}],"collection":[{"href":"https:\/\/blogdorogeriogomes.com.br\/noticias\/wp-json\/wp\/v2\/posts"}],"about":[{"href":"https:\/\/blogdorogeriogomes.com.br\/noticias\/wp-json\/wp\/v2\/types\/post"}],"author":[{"embeddable":true,"href":"https:\/\/blogdorogeriogomes.com.br\/noticias\/wp-json\/wp\/v2\/users\/1"}],"replies":[{"embeddable":true,"href":"https:\/\/blogdorogeriogomes.com.br\/noticias\/wp-json\/wp\/v2\/comments?post=19551"}],"version-history":[{"count":1,"href":"https:\/\/blogdorogeriogomes.com.br\/noticias\/wp-json\/wp\/v2\/posts\/19551\/revisions"}],"predecessor-version":[{"id":19553,"href":"https:\/\/blogdorogeriogomes.com.br\/noticias\/wp-json\/wp\/v2\/posts\/19551\/revisions\/19553"}],"wp:featuredmedia":[{"embeddable":true,"href":"https:\/\/blogdorogeriogomes.com.br\/noticias\/wp-json\/wp\/v2\/media\/19552"}],"wp:attachment":[{"href":"https:\/\/blogdorogeriogomes.com.br\/noticias\/wp-json\/wp\/v2\/media?parent=19551"}],"wp:term":[{"taxonomy":"category","embeddable":true,"href":"https:\/\/blogdorogeriogomes.com.br\/noticias\/wp-json\/wp\/v2\/categories?post=19551"},{"taxonomy":"post_tag","embeddable":true,"href":"https:\/\/blogdorogeriogomes.com.br\/noticias\/wp-json\/wp\/v2\/tags?post=19551"}],"curies":[{"name":"wp","href":"https:\/\/api.w.org\/{rel}","templated":true}]}}