{"id":19554,"date":"2020-12-26T16:10:13","date_gmt":"2020-12-26T16:10:13","guid":{"rendered":"https:\/\/blogdorogeriogomes.com.br\/?p=19554"},"modified":"2021-01-04T10:26:05","modified_gmt":"2021-01-04T10:26:05","slug":"prefeitura-de-fortaleza-vai-promover-reveillon-show-da-virada-com-transmissao-por-um-pool-de-emissoras-de-tv","status":"publish","type":"post","link":"https:\/\/blogdorogeriogomes.com.br\/noticias\/2020\/12\/prefeitura-de-fortaleza-vai-promover-reveillon-show-da-virada-com-transmissao-por-um-pool-de-emissoras-de-tv\/","title":{"rendered":"Prefeitura de Fortaleza vai promover R\u00e9veillon Show da Virada com transmiss\u00e3o por um pool de emissoras de TV"},"content":{"rendered":"\n<p>Com a impossibilidade de realizar o tradicional R\u00e9veillon de Fortaleza, no Aterro da Praia de Iracema, diante do quadro da pandemia da Covid-19, a Prefeitura de Fortaleza vai promover o Show da Virada com a apresenta\u00e7\u00e3o de v\u00e1rios artistas, a partir das 22 horas do dia 31 de dezembro, com transmiss\u00e3o atrav\u00e9s de um pool de emissoras: TV Terra do Sol &#8211; Canal 42.1, TV Cear\u00e1, TV Assembleia e TV Fortaleza.<br>O evento gravado ter\u00e1 quatro horas de dura\u00e7\u00e3o e apresenta\u00e7\u00e3o da jornalista Ta\u00eds Lopes. Estar\u00e3o dividindo o palco montado para o evento, no Teatro S\u00e3o Jos\u00e9, os artistas Jeffe, vencedor do Festival da M\u00fasica de Fortaleza, Nayra Costa, Lorena Nunes, Paulo Fa\u00e7anha, Marcus Lessa, Isabela Serpa, Giovana Bezerra, Roberta Fiuza, Chambinho do Acordeon, Renno Poeta, Paulo Jos\u00e9, Felipe Adjafre, Selvagens \u00e0 Procura de Lei, Os Alfazemas, Os Transacionais (foto), Unidos da Cachorra, e os humoristas Aluizio J\u00fanior, Lailtinho, Aurineide Camurupim e Amadeu Maya (Biba).<br>De acordo com o prefeito Roberto Cl\u00e1udio, ser\u00e1 uma forma de levar alegria \u00e0s pessoas nas suas casas mantendo o protocolo sanit\u00e1rio para evitar aglomera\u00e7\u00f5es.<\/p>\n\n\n\n<figure class=\"wp-block-image size-large\"><img loading=\"lazy\" decoding=\"async\" width=\"1024\" height=\"576\" src=\"https:\/\/blogdorogeriogomes.com.br\/wp-content\/uploads\/2020\/12\/rev-1024x576.jpeg\" alt=\"\" class=\"wp-image-19555\" srcset=\"https:\/\/blogdorogeriogomes.com.br\/noticias\/wp-content\/uploads\/2020\/12\/rev-1024x576.jpeg 1024w, https:\/\/blogdorogeriogomes.com.br\/noticias\/wp-content\/uploads\/2020\/12\/rev-300x169.jpeg 300w, https:\/\/blogdorogeriogomes.com.br\/noticias\/wp-content\/uploads\/2020\/12\/rev-768x432.jpeg 768w, https:\/\/blogdorogeriogomes.com.br\/noticias\/wp-content\/uploads\/2020\/12\/rev-800x450.jpeg 800w, https:\/\/blogdorogeriogomes.com.br\/noticias\/wp-content\/uploads\/2020\/12\/rev.jpeg 1280w\" sizes=\"auto, (max-width: 1024px) 100vw, 1024px\" \/><\/figure>\n","protected":false},"excerpt":{"rendered":"<p>Com a impossibilidade de realizar o tradicional R\u00e9veillon de Fortaleza, no Aterro da Praia de Iracema, diante do quadro da pandemia da Covid-19, a Prefeitura de Fortaleza vai promover o Show da Virada com a apresenta\u00e7\u00e3o de v\u00e1rios artistas, a partir das 22 horas do dia 31 de dezembro, com transmiss\u00e3o atrav\u00e9s de um pool de emissoras: TV Terra do Sol &#8211; Canal 42.1, TV Cear\u00e1, TV Assembleia e TV Fortaleza.O evento gravado ter\u00e1 quatro horas de dura\u00e7\u00e3o e&hellip;<\/p>\n","protected":false},"author":1,"featured_media":19555,"comment_status":"open","ping_status":"open","sticky":false,"template":"","format":"standard","meta":{"footnotes":""},"categories":[1],"tags":[],"class_list":["post-19554","post","type-post","status-publish","format-standard","has-post-thumbnail","hentry","category-noticias"],"_links":{"self":[{"href":"https:\/\/blogdorogeriogomes.com.br\/noticias\/wp-json\/wp\/v2\/posts\/19554","targetHints":{"allow":["GET"]}}],"collection":[{"href":"https:\/\/blogdorogeriogomes.com.br\/noticias\/wp-json\/wp\/v2\/posts"}],"about":[{"href":"https:\/\/blogdorogeriogomes.com.br\/noticias\/wp-json\/wp\/v2\/types\/post"}],"author":[{"embeddable":true,"href":"https:\/\/blogdorogeriogomes.com.br\/noticias\/wp-json\/wp\/v2\/users\/1"}],"replies":[{"embeddable":true,"href":"https:\/\/blogdorogeriogomes.com.br\/noticias\/wp-json\/wp\/v2\/comments?post=19554"}],"version-history":[{"count":1,"href":"https:\/\/blogdorogeriogomes.com.br\/noticias\/wp-json\/wp\/v2\/posts\/19554\/revisions"}],"predecessor-version":[{"id":19556,"href":"https:\/\/blogdorogeriogomes.com.br\/noticias\/wp-json\/wp\/v2\/posts\/19554\/revisions\/19556"}],"wp:featuredmedia":[{"embeddable":true,"href":"https:\/\/blogdorogeriogomes.com.br\/noticias\/wp-json\/wp\/v2\/media\/19555"}],"wp:attachment":[{"href":"https:\/\/blogdorogeriogomes.com.br\/noticias\/wp-json\/wp\/v2\/media?parent=19554"}],"wp:term":[{"taxonomy":"category","embeddable":true,"href":"https:\/\/blogdorogeriogomes.com.br\/noticias\/wp-json\/wp\/v2\/categories?post=19554"},{"taxonomy":"post_tag","embeddable":true,"href":"https:\/\/blogdorogeriogomes.com.br\/noticias\/wp-json\/wp\/v2\/tags?post=19554"}],"curies":[{"name":"wp","href":"https:\/\/api.w.org\/{rel}","templated":true}]}}