{"id":19564,"date":"2020-12-28T14:24:19","date_gmt":"2020-12-28T14:24:19","guid":{"rendered":"https:\/\/blogdorogeriogomes.com.br\/?p=19564"},"modified":"2021-01-04T10:23:12","modified_gmt":"2021-01-04T10:23:12","slug":"jose-sarto-monta-secretariado-com-vereadores-eleitos-e-remanescentes-da-gestao-roberto-claudio","status":"publish","type":"post","link":"https:\/\/blogdorogeriogomes.com.br\/noticias\/2020\/12\/jose-sarto-monta-secretariado-com-vereadores-eleitos-e-remanescentes-da-gestao-roberto-claudio\/","title":{"rendered":"Jos\u00e9 Sarto monta secretariado com vereadores eleitos e remanescentes da gest\u00e3o Roberto Cl\u00e1udio"},"content":{"rendered":"\n<p>Jos\u00e9 Sarto Nogueira (PDT) toma posse como novo prefeito de Fortaleza na pr\u00f3xima sexta-feira, dia 1\u00ba de janeiro. At\u00e9 l\u00e1, a principal miss\u00e3o do pedetista \u00e9 fechar os acertos para a composi\u00e7\u00e3o de seu secretariado para o in\u00edcio do mandato. Em meio a reuni\u00f5es e articula\u00e7\u00e3o nos bastidores, na composi\u00e7\u00e3o executiva de Sarto devem estar vereadores eleitos e tamb\u00e9m nomes t\u00e9cnicos que estiveram na gest\u00e3o do prefeito Roberto Cl\u00e1udio (PDT) ao longo dos \u00faltimos oito anos.<\/p>\n\n\n\n<p>Na C\u00e2mara Municipal de Fortaleza, h\u00e1 a expectativa de que Elp\u00eddio Nogueira (PDT e Renan Colares (PDT) assumam secretarias da Capital no in\u00edcio de 2021.<\/p>\n\n\n\n<p>Irm\u00e3o de Sarto, Elp\u00eddio esteve secret\u00e1rio nos dois mandatos de Roberto Cl\u00e1udio &#8211; j\u00e1 respondeu pela Secretaria de Turismo e, por \u00faltimo, foi titular da Secretaria Municipal dos Direitos Humanos e Desenvolvimento Social. O vereador eleito deve voltar para o Turismo. Com a sua sa\u00edda, o suplente Carlos Mesquita (PDT) assume a cadeira no Parlamento.<\/p>\n\n\n\n<p>J\u00e1 Renan Colares pleiteia a Secretaria Municipal do Desenvolvimento Econ\u00f4mico. Caso Renan assuma algum cargo na Prefeitura de Fortaleza, o suplente Didi Mangueira (PDT) assume a vaga na CMFor. Isso porque o suplente direto, Iraguassu Filho (PDT), tamb\u00e9m deve compor o secretariado de Sarto Nogueira.<\/p>\n\n\n\n<p>Presidente da C\u00e2mara Municipal, Ant\u00f4nio Henrique (PDT) j\u00e1 afirmou que ir\u00e1 aguardar a defini\u00e7\u00e3o dos nomes para gest\u00e3o de Sarto antes de definir a composi\u00e7\u00e7\u00e3o da Mesa Diretora do Legislativo.<\/p>\n\n\n\n<p>Chefe de gabinete de Sarto na Assembleia Legislativa, Elp\u00eddio Moreira \u00e9 um nome que \u00e9 dado como certo para o secretariado do prefeito. Remanescentes dos anos de Roberto Cl\u00e1udio na prefeitura, Samuel Dias (Infraestrutura), Luiz Alberto Saboia (Conserva\u00e7\u00e3o e Servi\u00e7os P\u00fablicos), Renato Lima (Coordena\u00e7\u00e3o das Regionais), Jo\u00e3o Pupo e Ferruccio Feitosa (Regional II) s\u00e3o quadros que devem permanecer na equipe do novo prefeito.<\/p>\n\n\n\n<figure class=\"wp-block-image size-large\"><img loading=\"lazy\" decoding=\"async\" width=\"1024\" height=\"682\" src=\"https:\/\/blogdorogeriogomes.com.br\/wp-content\/uploads\/2020\/12\/IMG-20201222-WA0116-1024x682.jpg\" alt=\"\" class=\"wp-image-19565\" srcset=\"https:\/\/blogdorogeriogomes.com.br\/noticias\/wp-content\/uploads\/2020\/12\/IMG-20201222-WA0116-1024x682.jpg 1024w, https:\/\/blogdorogeriogomes.com.br\/noticias\/wp-content\/uploads\/2020\/12\/IMG-20201222-WA0116-300x200.jpg 300w, https:\/\/blogdorogeriogomes.com.br\/noticias\/wp-content\/uploads\/2020\/12\/IMG-20201222-WA0116-768x512.jpg 768w, https:\/\/blogdorogeriogomes.com.br\/noticias\/wp-content\/uploads\/2020\/12\/IMG-20201222-WA0116-800x533.jpg 800w, https:\/\/blogdorogeriogomes.com.br\/noticias\/wp-content\/uploads\/2020\/12\/IMG-20201222-WA0116.jpg 1280w\" sizes=\"auto, (max-width: 1024px) 100vw, 1024px\" \/><\/figure>\n","protected":false},"excerpt":{"rendered":"<p>Jos\u00e9 Sarto Nogueira (PDT) toma posse como novo prefeito de Fortaleza na pr\u00f3xima sexta-feira, dia 1\u00ba de janeiro. At\u00e9 l\u00e1, a principal miss\u00e3o do pedetista \u00e9 fechar os acertos para a composi\u00e7\u00e3o de seu secretariado para o in\u00edcio do mandato. Em meio a reuni\u00f5es e articula\u00e7\u00e3o nos bastidores, na composi\u00e7\u00e3o executiva de Sarto devem estar vereadores eleitos e tamb\u00e9m nomes t\u00e9cnicos que estiveram na gest\u00e3o do prefeito Roberto Cl\u00e1udio (PDT) ao longo dos \u00faltimos oito anos. Na C\u00e2mara Municipal&hellip;<\/p>\n","protected":false},"author":1,"featured_media":19565,"comment_status":"open","ping_status":"open","sticky":false,"template":"","format":"standard","meta":{"footnotes":""},"categories":[1],"tags":[],"class_list":["post-19564","post","type-post","status-publish","format-standard","has-post-thumbnail","hentry","category-noticias"],"_links":{"self":[{"href":"https:\/\/blogdorogeriogomes.com.br\/noticias\/wp-json\/wp\/v2\/posts\/19564","targetHints":{"allow":["GET"]}}],"collection":[{"href":"https:\/\/blogdorogeriogomes.com.br\/noticias\/wp-json\/wp\/v2\/posts"}],"about":[{"href":"https:\/\/blogdorogeriogomes.com.br\/noticias\/wp-json\/wp\/v2\/types\/post"}],"author":[{"embeddable":true,"href":"https:\/\/blogdorogeriogomes.com.br\/noticias\/wp-json\/wp\/v2\/users\/1"}],"replies":[{"embeddable":true,"href":"https:\/\/blogdorogeriogomes.com.br\/noticias\/wp-json\/wp\/v2\/comments?post=19564"}],"version-history":[{"count":1,"href":"https:\/\/blogdorogeriogomes.com.br\/noticias\/wp-json\/wp\/v2\/posts\/19564\/revisions"}],"predecessor-version":[{"id":19566,"href":"https:\/\/blogdorogeriogomes.com.br\/noticias\/wp-json\/wp\/v2\/posts\/19564\/revisions\/19566"}],"wp:featuredmedia":[{"embeddable":true,"href":"https:\/\/blogdorogeriogomes.com.br\/noticias\/wp-json\/wp\/v2\/media\/19565"}],"wp:attachment":[{"href":"https:\/\/blogdorogeriogomes.com.br\/noticias\/wp-json\/wp\/v2\/media?parent=19564"}],"wp:term":[{"taxonomy":"category","embeddable":true,"href":"https:\/\/blogdorogeriogomes.com.br\/noticias\/wp-json\/wp\/v2\/categories?post=19564"},{"taxonomy":"post_tag","embeddable":true,"href":"https:\/\/blogdorogeriogomes.com.br\/noticias\/wp-json\/wp\/v2\/tags?post=19564"}],"curies":[{"name":"wp","href":"https:\/\/api.w.org\/{rel}","templated":true}]}}