{"id":19577,"date":"2020-12-29T12:18:29","date_gmt":"2020-12-29T12:18:29","guid":{"rendered":"https:\/\/blogdorogeriogomes.com.br\/?p=19577"},"modified":"2021-01-04T10:22:10","modified_gmt":"2021-01-04T10:22:10","slug":"caixa-faz-ultimo-pagamento-do-auxilio-emergencial-e-governo-federal-nao-tem-nenhum-programa-para-colocar-no-lugar","status":"publish","type":"post","link":"https:\/\/blogdorogeriogomes.com.br\/noticias\/2020\/12\/caixa-faz-ultimo-pagamento-do-auxilio-emergencial-e-governo-federal-nao-tem-nenhum-programa-para-colocar-no-lugar\/","title":{"rendered":"Caixa faz \u00faltimo pagamento do Aux\u00edlio Emergencial e Governo Federal n\u00e3o tem nenhum programa para colocar no lugar"},"content":{"rendered":"\n<p>Em meio ao agravamento da pandemia da Covid-19, os pagamentos do Aux\u00edlio Emergencial chegam ao fim nesta ter\u00e7a-feira, dia 29 de dezembro. A Caixa Econ\u00f4mica paga a \u00faltima parcela a 3,2 milh\u00f5es de trabalhadores nascidos em dezembro.<\/p>\n\n\n\n<p>O ministro da Economia, Paulo Guedes, tem reafirmado que o programa ir\u00e1 acabar no final do ano e que o Governo Federal ir\u00e1 continuar com o Bolsa Fam\u00edlia se n\u00e3o encontrar espa\u00e7o fiscal para criar um novo programa social.<\/p>\n\n\n\n<p>Com o fim do aux\u00edlio, cerca de 48 milh\u00f5es de brasileiros, principalmente trabalhadores informais ficam sem qualquer tipo de ajuda financeira. A situa\u00e7\u00e3o se complica ainda mais diante do aumento do desemprego e da carestia dos produtos b\u00e1sicos que o pa\u00eds enfrenta com a crise econ\u00f4mica.<\/p>\n\n\n\n<figure class=\"wp-block-image size-large\"><img loading=\"lazy\" decoding=\"async\" width=\"701\" height=\"438\" src=\"https:\/\/blogdorogeriogomes.com.br\/wp-content\/uploads\/2020\/12\/images-21-1.jpeg\" alt=\"\" class=\"wp-image-19578\" srcset=\"https:\/\/blogdorogeriogomes.com.br\/noticias\/wp-content\/uploads\/2020\/12\/images-21-1.jpeg 701w, https:\/\/blogdorogeriogomes.com.br\/noticias\/wp-content\/uploads\/2020\/12\/images-21-1-300x187.jpeg 300w\" sizes=\"auto, (max-width: 701px) 100vw, 701px\" \/><\/figure>\n","protected":false},"excerpt":{"rendered":"<p>Em meio ao agravamento da pandemia da Covid-19, os pagamentos do Aux\u00edlio Emergencial chegam ao fim nesta ter\u00e7a-feira, dia 29 de dezembro. A Caixa Econ\u00f4mica paga a \u00faltima parcela a 3,2 milh\u00f5es de trabalhadores nascidos em dezembro. O ministro da Economia, Paulo Guedes, tem reafirmado que o programa ir\u00e1 acabar no final do ano e que o Governo Federal ir\u00e1 continuar com o Bolsa Fam\u00edlia se n\u00e3o encontrar espa\u00e7o fiscal para criar um novo programa social. Com o fim&hellip;<\/p>\n","protected":false},"author":1,"featured_media":19578,"comment_status":"open","ping_status":"open","sticky":false,"template":"","format":"standard","meta":{"footnotes":""},"categories":[1],"tags":[],"class_list":["post-19577","post","type-post","status-publish","format-standard","has-post-thumbnail","hentry","category-noticias"],"_links":{"self":[{"href":"https:\/\/blogdorogeriogomes.com.br\/noticias\/wp-json\/wp\/v2\/posts\/19577","targetHints":{"allow":["GET"]}}],"collection":[{"href":"https:\/\/blogdorogeriogomes.com.br\/noticias\/wp-json\/wp\/v2\/posts"}],"about":[{"href":"https:\/\/blogdorogeriogomes.com.br\/noticias\/wp-json\/wp\/v2\/types\/post"}],"author":[{"embeddable":true,"href":"https:\/\/blogdorogeriogomes.com.br\/noticias\/wp-json\/wp\/v2\/users\/1"}],"replies":[{"embeddable":true,"href":"https:\/\/blogdorogeriogomes.com.br\/noticias\/wp-json\/wp\/v2\/comments?post=19577"}],"version-history":[{"count":1,"href":"https:\/\/blogdorogeriogomes.com.br\/noticias\/wp-json\/wp\/v2\/posts\/19577\/revisions"}],"predecessor-version":[{"id":19579,"href":"https:\/\/blogdorogeriogomes.com.br\/noticias\/wp-json\/wp\/v2\/posts\/19577\/revisions\/19579"}],"wp:featuredmedia":[{"embeddable":true,"href":"https:\/\/blogdorogeriogomes.com.br\/noticias\/wp-json\/wp\/v2\/media\/19578"}],"wp:attachment":[{"href":"https:\/\/blogdorogeriogomes.com.br\/noticias\/wp-json\/wp\/v2\/media?parent=19577"}],"wp:term":[{"taxonomy":"category","embeddable":true,"href":"https:\/\/blogdorogeriogomes.com.br\/noticias\/wp-json\/wp\/v2\/categories?post=19577"},{"taxonomy":"post_tag","embeddable":true,"href":"https:\/\/blogdorogeriogomes.com.br\/noticias\/wp-json\/wp\/v2\/tags?post=19577"}],"curies":[{"name":"wp","href":"https:\/\/api.w.org\/{rel}","templated":true}]}}