{"id":19580,"date":"2020-12-29T18:58:27","date_gmt":"2020-12-29T18:58:27","guid":{"rendered":"https:\/\/blogdorogeriogomes.com.br\/?p=19580"},"modified":"2021-01-04T10:22:01","modified_gmt":"2021-01-04T10:22:01","slug":"camilo-santana-anuncia-que-vacinacao-deve-comecar-em-fevereiro-e-imunizar-mais-de-18-milhao-ate-julho-de-2021","status":"publish","type":"post","link":"https:\/\/blogdorogeriogomes.com.br\/noticias\/2020\/12\/camilo-santana-anuncia-que-vacinacao-deve-comecar-em-fevereiro-e-imunizar-mais-de-18-milhao-ate-julho-de-2021\/","title":{"rendered":"Camilo Santana anuncia que vacina\u00e7\u00e3o deve come\u00e7ar em fevereiro e imunizar mais de 1,8 milh\u00e3o at\u00e9 junho de 2021"},"content":{"rendered":"\n<p>O Governo do Cear\u00e1 se prepara para iniciar a vacina\u00e7\u00e3o contra a Covid-19 no Estado em fevereiro, quando dever\u00e1 ter a autoriza\u00e7\u00e3o da Ag\u00eancia Nacional de Vigil\u00e2ncia Sanit\u00e1ria (Anvisa). O material para o imunizante AstraZeneca chegar\u00e1 no dia 15 de janeiro e ser\u00e1 produzido no pa\u00eds pela Fiocruz. A informa\u00e7\u00e3o foi anunciada pelo governador Camilo Santana (PT) em entrevista \u00e0 r\u00e1dio O POVO\/CBN, nesta ter\u00e7a-feira, dia 29 de dezembro. Segundo Camilo, a expectativa \u00e9 de que mais de 1,8 milh\u00e3o de pessoas ser\u00e3o vacinadas at\u00e9 junho de 2021.<\/p>\n\n\n\n<p>&#8220;N\u00f3s do Cear\u00e1 fizemos acordo de compra dessas doses de vacina. Estou tentado buscar todas as alternativas mais r\u00e1pidas porque o importante \u00e9 ter a vacina mais r\u00e1pido no Cear\u00e1 e no Brasil&#8221;, afirmou o governador, que tamb\u00e9m tem acertada com o Governo de S\u00e3o Paulo a aquisi\u00e7\u00e3o de doses da CoronaVac, produzida pelo Instituto Butantan, com &#8220;quase quatro milh\u00f5es de vacinas&#8221;.<\/p>\n\n\n\n<p>Camilo disse ainda que a previs\u00e3o \u00e9 que, no m\u00eas de fevereiro, seja iniciado o plano de vacina\u00e7\u00e3o. &#8220;Compramos seringas, agulhas, refrigeradores, fizemos parceria com a Universidade Federal do Cear\u00e1, apesar de que a Anvisa ainda n\u00e3o autorizou nenhuma vacina&#8221;.<\/p>\n\n\n\n<p>Sobre a lentid\u00e3o para aquisi\u00e7\u00e3o de vacinas pelo governo federal, o governador teceu cr\u00edticas ao Minist\u00e9rio da Sa\u00fade por falta de articula\u00e7\u00e3o junto a outros laborat\u00f3rios. &#8220;N\u00f3s cobramos esse plano de vacina\u00e7\u00e3o (apresentado pelo Minist\u00e9rio neste m\u00eas). Estive no Pal\u00e1cio do Planalto cobrando que todas as vacinas que estivessem dispon\u00edveis, regularizadas e autorizadas pelos \u00f3rg\u00e3os de vigil\u00e2ncia sanit\u00e1ria do Brasil ou internacionais fossem utilizadas no Brasil&#8221;.<\/p>\n\n\n\n<figure class=\"wp-block-image size-large\"><img loading=\"lazy\" decoding=\"async\" width=\"1024\" height=\"576\" src=\"https:\/\/blogdorogeriogomes.com.br\/wp-content\/uploads\/2020\/12\/Camilo-Santana-1024x576.jpg\" alt=\"\" class=\"wp-image-19581\" srcset=\"https:\/\/blogdorogeriogomes.com.br\/noticias\/wp-content\/uploads\/2020\/12\/Camilo-Santana-1024x576.jpg 1024w, https:\/\/blogdorogeriogomes.com.br\/noticias\/wp-content\/uploads\/2020\/12\/Camilo-Santana-300x169.jpg 300w, https:\/\/blogdorogeriogomes.com.br\/noticias\/wp-content\/uploads\/2020\/12\/Camilo-Santana-768x432.jpg 768w, https:\/\/blogdorogeriogomes.com.br\/noticias\/wp-content\/uploads\/2020\/12\/Camilo-Santana-1536x864.jpg 1536w, https:\/\/blogdorogeriogomes.com.br\/noticias\/wp-content\/uploads\/2020\/12\/Camilo-Santana-2048x1152.jpg 2048w, https:\/\/blogdorogeriogomes.com.br\/noticias\/wp-content\/uploads\/2020\/12\/Camilo-Santana-800x450.jpg 800w\" sizes=\"auto, (max-width: 1024px) 100vw, 1024px\" \/><\/figure>\n","protected":false},"excerpt":{"rendered":"<p>O Governo do Cear\u00e1 se prepara para iniciar a vacina\u00e7\u00e3o contra a Covid-19 no Estado em fevereiro, quando dever\u00e1 ter a autoriza\u00e7\u00e3o da Ag\u00eancia Nacional de Vigil\u00e2ncia Sanit\u00e1ria (Anvisa). O material para o imunizante AstraZeneca chegar\u00e1 no dia 15 de janeiro e ser\u00e1 produzido no pa\u00eds pela Fiocruz. A informa\u00e7\u00e3o foi anunciada pelo governador Camilo Santana (PT) em entrevista \u00e0 r\u00e1dio O POVO\/CBN, nesta ter\u00e7a-feira, dia 29 de dezembro. Segundo Camilo, a expectativa \u00e9 de que mais de 1,8&hellip;<\/p>\n","protected":false},"author":1,"featured_media":19582,"comment_status":"open","ping_status":"open","sticky":false,"template":"","format":"standard","meta":{"footnotes":""},"categories":[1],"tags":[],"class_list":["post-19580","post","type-post","status-publish","format-standard","has-post-thumbnail","hentry","category-noticias"],"_links":{"self":[{"href":"https:\/\/blogdorogeriogomes.com.br\/noticias\/wp-json\/wp\/v2\/posts\/19580","targetHints":{"allow":["GET"]}}],"collection":[{"href":"https:\/\/blogdorogeriogomes.com.br\/noticias\/wp-json\/wp\/v2\/posts"}],"about":[{"href":"https:\/\/blogdorogeriogomes.com.br\/noticias\/wp-json\/wp\/v2\/types\/post"}],"author":[{"embeddable":true,"href":"https:\/\/blogdorogeriogomes.com.br\/noticias\/wp-json\/wp\/v2\/users\/1"}],"replies":[{"embeddable":true,"href":"https:\/\/blogdorogeriogomes.com.br\/noticias\/wp-json\/wp\/v2\/comments?post=19580"}],"version-history":[{"count":2,"href":"https:\/\/blogdorogeriogomes.com.br\/noticias\/wp-json\/wp\/v2\/posts\/19580\/revisions"}],"predecessor-version":[{"id":19584,"href":"https:\/\/blogdorogeriogomes.com.br\/noticias\/wp-json\/wp\/v2\/posts\/19580\/revisions\/19584"}],"wp:featuredmedia":[{"embeddable":true,"href":"https:\/\/blogdorogeriogomes.com.br\/noticias\/wp-json\/wp\/v2\/media\/19582"}],"wp:attachment":[{"href":"https:\/\/blogdorogeriogomes.com.br\/noticias\/wp-json\/wp\/v2\/media?parent=19580"}],"wp:term":[{"taxonomy":"category","embeddable":true,"href":"https:\/\/blogdorogeriogomes.com.br\/noticias\/wp-json\/wp\/v2\/categories?post=19580"},{"taxonomy":"post_tag","embeddable":true,"href":"https:\/\/blogdorogeriogomes.com.br\/noticias\/wp-json\/wp\/v2\/tags?post=19580"}],"curies":[{"name":"wp","href":"https:\/\/api.w.org\/{rel}","templated":true}]}}