{"id":19585,"date":"2020-12-29T22:59:36","date_gmt":"2020-12-29T22:59:36","guid":{"rendered":"https:\/\/blogdorogeriogomes.com.br\/?p=19585"},"modified":"2021-01-04T10:21:49","modified_gmt":"2021-01-04T10:21:49","slug":"rc-assina-ainda-nesta-gestao-o-decreto-que-deixa-fortaleza-com-12-secretarias-regionais","status":"publish","type":"post","link":"https:\/\/blogdorogeriogomes.com.br\/noticias\/2020\/12\/rc-assina-ainda-nesta-gestao-o-decreto-que-deixa-fortaleza-com-12-secretarias-regionais\/","title":{"rendered":"RC assina ainda nesta gest\u00e3o o decreto que deixa Fortaleza com 12 secretarias regionais"},"content":{"rendered":"\n<p>Antes de passar o mandato de Prefeito de Fortaleza para Jos\u00e9 Sarto (PDT), neste dia 1\u00b0 de janeiro, Roberto Cl\u00e1udio (PDT) assina o decreto que deixa a Capital cearense com 12 secretarias regionais. Hoje, s\u00e3o sete. A mudan\u00e7a j\u00e1 foi aprovada pela C\u00e2mara Municipal de Fortaleza e busca descentralizar ainda mais as a\u00e7\u00f5es da Prefeitura na cidade.<\/p>\n\n\n\n<p>Com a altera\u00e7\u00e3o no n\u00famero de regionais em Fortaleza, o prefeito eleito Jos\u00e9 Sarto ter\u00e1 agora de nomear 12 secret\u00e1rios para cada zona da Capital e n\u00e3o mais sete como estava previsto. O an\u00fancio do novo secretariado municipal \u00e9 aguardado para esta quinta-feira, dia 31 de dezembro.<\/p>\n\n\n\n<figure class=\"wp-block-image size-large\"><img loading=\"lazy\" decoding=\"async\" width=\"678\" height=\"453\" src=\"https:\/\/blogdorogeriogomes.com.br\/wp-content\/uploads\/2020\/12\/images-23.jpeg\" alt=\"\" class=\"wp-image-19586\" srcset=\"https:\/\/blogdorogeriogomes.com.br\/noticias\/wp-content\/uploads\/2020\/12\/images-23.jpeg 678w, https:\/\/blogdorogeriogomes.com.br\/noticias\/wp-content\/uploads\/2020\/12\/images-23-300x200.jpeg 300w\" sizes=\"auto, (max-width: 678px) 100vw, 678px\" \/><\/figure>\n\n\n\n<p><\/p>\n","protected":false},"excerpt":{"rendered":"<p>Antes de passar o mandato de Prefeito de Fortaleza para Jos\u00e9 Sarto (PDT), neste dia 1\u00b0 de janeiro, Roberto Cl\u00e1udio (PDT) assina o decreto que deixa a Capital cearense com 12 secretarias regionais. Hoje, s\u00e3o sete. A mudan\u00e7a j\u00e1 foi aprovada pela C\u00e2mara Municipal de Fortaleza e busca descentralizar ainda mais as a\u00e7\u00f5es da Prefeitura na cidade. Com a altera\u00e7\u00e3o no n\u00famero de regionais em Fortaleza, o prefeito eleito Jos\u00e9 Sarto ter\u00e1 agora de nomear 12 secret\u00e1rios para cada&hellip;<\/p>\n","protected":false},"author":1,"featured_media":19586,"comment_status":"open","ping_status":"open","sticky":false,"template":"","format":"standard","meta":{"footnotes":""},"categories":[1],"tags":[],"class_list":["post-19585","post","type-post","status-publish","format-standard","has-post-thumbnail","hentry","category-noticias"],"_links":{"self":[{"href":"https:\/\/blogdorogeriogomes.com.br\/noticias\/wp-json\/wp\/v2\/posts\/19585","targetHints":{"allow":["GET"]}}],"collection":[{"href":"https:\/\/blogdorogeriogomes.com.br\/noticias\/wp-json\/wp\/v2\/posts"}],"about":[{"href":"https:\/\/blogdorogeriogomes.com.br\/noticias\/wp-json\/wp\/v2\/types\/post"}],"author":[{"embeddable":true,"href":"https:\/\/blogdorogeriogomes.com.br\/noticias\/wp-json\/wp\/v2\/users\/1"}],"replies":[{"embeddable":true,"href":"https:\/\/blogdorogeriogomes.com.br\/noticias\/wp-json\/wp\/v2\/comments?post=19585"}],"version-history":[{"count":1,"href":"https:\/\/blogdorogeriogomes.com.br\/noticias\/wp-json\/wp\/v2\/posts\/19585\/revisions"}],"predecessor-version":[{"id":19587,"href":"https:\/\/blogdorogeriogomes.com.br\/noticias\/wp-json\/wp\/v2\/posts\/19585\/revisions\/19587"}],"wp:featuredmedia":[{"embeddable":true,"href":"https:\/\/blogdorogeriogomes.com.br\/noticias\/wp-json\/wp\/v2\/media\/19586"}],"wp:attachment":[{"href":"https:\/\/blogdorogeriogomes.com.br\/noticias\/wp-json\/wp\/v2\/media?parent=19585"}],"wp:term":[{"taxonomy":"category","embeddable":true,"href":"https:\/\/blogdorogeriogomes.com.br\/noticias\/wp-json\/wp\/v2\/categories?post=19585"},{"taxonomy":"post_tag","embeddable":true,"href":"https:\/\/blogdorogeriogomes.com.br\/noticias\/wp-json\/wp\/v2\/tags?post=19585"}],"curies":[{"name":"wp","href":"https:\/\/api.w.org\/{rel}","templated":true}]}}