{"id":19588,"date":"2020-12-30T11:00:15","date_gmt":"2020-12-30T11:00:15","guid":{"rendered":"https:\/\/blogdorogeriogomes.com.br\/?p=19588"},"modified":"2020-12-30T11:00:17","modified_gmt":"2020-12-30T11:00:17","slug":"governo-do-ceara-anuncia-convocacao-de-2-500-novos-professores-aprovados-em-concurso-a-partir-de-janeiro-de-2021","status":"publish","type":"post","link":"https:\/\/blogdorogeriogomes.com.br\/noticias\/2020\/12\/governo-do-ceara-anuncia-convocacao-de-2-500-novos-professores-aprovados-em-concurso-a-partir-de-janeiro-de-2021\/","title":{"rendered":"Governo do Cear\u00e1 anuncia convoca\u00e7\u00e3o de 2.500 novos professores aprovados em concurso a partir de janeiro de 2021"},"content":{"rendered":"\n<p>O governador Camilo Santana anunciou, na noite desta ter\u00e7a-feira, dia 29 de dezembro, a convoca\u00e7\u00e3o dos 2.500 professores aprovados no concurso da secretaria da educa\u00e7\u00e3o do Cear\u00e1 (Seduc). Durante live nas redes sociais direto do Pal\u00e1cio da Aboli\u00e7\u00e3o, o governador informou, ainda, que iniciar\u00e1 a convoca\u00e7\u00e3o de 1.250 em janeiro de 2021, e finalizar\u00e1 o primeiro semestre chamando outros 1.250 professores concursados, em junho do mesmo ano.<\/p>\n\n\n\n<p>Camilo Santana tamb\u00e9m defendeu a import\u00e2ncia de incluir os professores na primeira fase da vacina\u00e7\u00e3o contra a Covid-19, para que as aulas presenciais possam ser retomadas o mais r\u00e1pido poss\u00edvel.\u00a0<\/p>\n\n\n\n<figure class=\"wp-block-image size-large\"><img loading=\"lazy\" decoding=\"async\" width=\"1024\" height=\"684\" src=\"https:\/\/blogdorogeriogomes.com.br\/wp-content\/uploads\/2020\/12\/CGM9454_Original-1200x802-1-1024x684.jpg\" alt=\"\" class=\"wp-image-19589\" srcset=\"https:\/\/blogdorogeriogomes.com.br\/noticias\/wp-content\/uploads\/2020\/12\/CGM9454_Original-1200x802-1-1024x684.jpg 1024w, https:\/\/blogdorogeriogomes.com.br\/noticias\/wp-content\/uploads\/2020\/12\/CGM9454_Original-1200x802-1-300x201.jpg 300w, https:\/\/blogdorogeriogomes.com.br\/noticias\/wp-content\/uploads\/2020\/12\/CGM9454_Original-1200x802-1-768x513.jpg 768w, https:\/\/blogdorogeriogomes.com.br\/noticias\/wp-content\/uploads\/2020\/12\/CGM9454_Original-1200x802-1-800x535.jpg 800w, https:\/\/blogdorogeriogomes.com.br\/noticias\/wp-content\/uploads\/2020\/12\/CGM9454_Original-1200x802-1.jpg 1200w\" sizes=\"auto, (max-width: 1024px) 100vw, 1024px\" \/><\/figure>\n","protected":false},"excerpt":{"rendered":"<p>O governador Camilo Santana anunciou, na noite desta ter\u00e7a-feira, dia 29 de dezembro, a convoca\u00e7\u00e3o dos 2.500 professores aprovados no concurso da secretaria da educa\u00e7\u00e3o do Cear\u00e1 (Seduc). Durante live nas redes sociais direto do Pal\u00e1cio da Aboli\u00e7\u00e3o, o governador informou, ainda, que iniciar\u00e1 a convoca\u00e7\u00e3o de 1.250 em janeiro de 2021, e finalizar\u00e1 o primeiro semestre chamando outros 1.250 professores concursados, em junho do mesmo ano. Camilo Santana tamb\u00e9m defendeu a import\u00e2ncia de incluir os professores na primeira&hellip;<\/p>\n","protected":false},"author":1,"featured_media":0,"comment_status":"open","ping_status":"open","sticky":false,"template":"","format":"standard","meta":{"footnotes":""},"categories":[1],"tags":[],"class_list":["post-19588","post","type-post","status-publish","format-standard","hentry","category-noticias"],"_links":{"self":[{"href":"https:\/\/blogdorogeriogomes.com.br\/noticias\/wp-json\/wp\/v2\/posts\/19588","targetHints":{"allow":["GET"]}}],"collection":[{"href":"https:\/\/blogdorogeriogomes.com.br\/noticias\/wp-json\/wp\/v2\/posts"}],"about":[{"href":"https:\/\/blogdorogeriogomes.com.br\/noticias\/wp-json\/wp\/v2\/types\/post"}],"author":[{"embeddable":true,"href":"https:\/\/blogdorogeriogomes.com.br\/noticias\/wp-json\/wp\/v2\/users\/1"}],"replies":[{"embeddable":true,"href":"https:\/\/blogdorogeriogomes.com.br\/noticias\/wp-json\/wp\/v2\/comments?post=19588"}],"version-history":[{"count":1,"href":"https:\/\/blogdorogeriogomes.com.br\/noticias\/wp-json\/wp\/v2\/posts\/19588\/revisions"}],"predecessor-version":[{"id":19590,"href":"https:\/\/blogdorogeriogomes.com.br\/noticias\/wp-json\/wp\/v2\/posts\/19588\/revisions\/19590"}],"wp:attachment":[{"href":"https:\/\/blogdorogeriogomes.com.br\/noticias\/wp-json\/wp\/v2\/media?parent=19588"}],"wp:term":[{"taxonomy":"category","embeddable":true,"href":"https:\/\/blogdorogeriogomes.com.br\/noticias\/wp-json\/wp\/v2\/categories?post=19588"},{"taxonomy":"post_tag","embeddable":true,"href":"https:\/\/blogdorogeriogomes.com.br\/noticias\/wp-json\/wp\/v2\/tags?post=19588"}],"curies":[{"name":"wp","href":"https:\/\/api.w.org\/{rel}","templated":true}]}}