{"id":19592,"date":"2020-12-30T11:41:45","date_gmt":"2020-12-30T11:41:45","guid":{"rendered":"https:\/\/blogdorogeriogomes.com.br\/?p=19592"},"modified":"2021-01-04T10:24:28","modified_gmt":"2021-01-04T10:24:28","slug":"grupo-de-petistas-recorre-da-decisao-de-diretorio-municipal-do-pt-em-fortaleza-de-fazer-oposicao-a-jose-sarto","status":"publish","type":"post","link":"https:\/\/blogdorogeriogomes.com.br\/noticias\/2020\/12\/grupo-de-petistas-recorre-da-decisao-de-diretorio-municipal-do-pt-em-fortaleza-de-fazer-oposicao-a-jose-sarto\/","title":{"rendered":"Grupo de petistas recorre da decis\u00e3o de Diret\u00f3rio Municipal do PT em Fortaleza de fazer oposi\u00e7\u00e3o a Jos\u00e9 Sarto"},"content":{"rendered":"\n<p>O Diret\u00f3rio do PT em Fortaleza decidiu em reuni\u00e3o, nesta ter\u00e7a-feira, dia 29 de dezembro, que far\u00e1 oposi\u00e7\u00e3o ao novo prefeito Jos\u00e9 Sarto (PDT), a partir de janeiro. Na avalia\u00e7\u00e3o do presidente do PT em Fortaleza,&nbsp;Guilherme Sampaio, o partido vai manter uma &#8220;oposi\u00e7\u00e3o qualificada pela esquerda e aberta ao di\u00e1logo com o campo progressista\u201d e com a futura administra\u00e7\u00e3o.&nbsp;<\/p>\n\n\n\n<p>O problema \u00e9 que a decis\u00e3o de fazer oposi\u00e7\u00e3o a Sarto n\u00e3o \u00e9 unanimidade no PT. Um grupo de petistas formado pelos os deputados federais Jos\u00e9 Guimar\u00e3es e Jos\u00e9 Airton Cirilo, os deputados estaduais Acr\u00edsio Sena, Fernando Santana e Mois\u00e9s Br\u00e1s, o ex-vice-governador Professor Pinheiro, entre outros, lan\u00e7ou uma nota onde dizem que que v\u00e3o recorrer da decis\u00e3o do Diret\u00f3rio Municipal do PT em Fortaleza.<\/p>\n\n\n\n<p><em>\u201cA decis\u00e3o proferida hoje \u00e9 afrontosa ao di\u00e1logo democr\u00e1tico com as diversas vozes que comp\u00f5em nosso partido. O PT n\u00e3o tem dono! Deve expressar a primazia de sua diversidade e democracia interna. Nossas decis\u00f5es locais precisam estar integradas aos nossos desafios nacionais. A constru\u00e7\u00e3o ampla de um grande bloco que resista a barb\u00e1rie e aponte caminhos de supera\u00e7\u00e3o da mais profunda crise de nossa hist\u00f3ria republicana devem ser o centro estrat\u00e9gico do nosso partido\u201d, diz a nota.<\/em><\/p>\n\n\n\n<figure class=\"wp-block-image size-large\"><img loading=\"lazy\" decoding=\"async\" width=\"550\" height=\"309\" src=\"https:\/\/blogdorogeriogomes.com.br\/wp-content\/uploads\/2020\/12\/PT.jpeg\" alt=\"\" class=\"wp-image-19593\" srcset=\"https:\/\/blogdorogeriogomes.com.br\/noticias\/wp-content\/uploads\/2020\/12\/PT.jpeg 550w, https:\/\/blogdorogeriogomes.com.br\/noticias\/wp-content\/uploads\/2020\/12\/PT-300x169.jpeg 300w\" sizes=\"auto, (max-width: 550px) 100vw, 550px\" \/><\/figure>\n","protected":false},"excerpt":{"rendered":"<p>O Diret\u00f3rio do PT em Fortaleza decidiu em reuni\u00e3o, nesta ter\u00e7a-feira, dia 29 de dezembro, que far\u00e1 oposi\u00e7\u00e3o ao novo prefeito Jos\u00e9 Sarto (PDT), a partir de janeiro. Na avalia\u00e7\u00e3o do presidente do PT em Fortaleza,&nbsp;Guilherme Sampaio, o partido vai manter uma &#8220;oposi\u00e7\u00e3o qualificada pela esquerda e aberta ao di\u00e1logo com o campo progressista\u201d e com a futura administra\u00e7\u00e3o.&nbsp; O problema \u00e9 que a decis\u00e3o de fazer oposi\u00e7\u00e3o a Sarto n\u00e3o \u00e9 unanimidade no PT. Um grupo de petistas&hellip;<\/p>\n","protected":false},"author":1,"featured_media":19593,"comment_status":"open","ping_status":"open","sticky":false,"template":"","format":"standard","meta":{"footnotes":""},"categories":[1],"tags":[],"class_list":["post-19592","post","type-post","status-publish","format-standard","has-post-thumbnail","hentry","category-noticias"],"_links":{"self":[{"href":"https:\/\/blogdorogeriogomes.com.br\/noticias\/wp-json\/wp\/v2\/posts\/19592","targetHints":{"allow":["GET"]}}],"collection":[{"href":"https:\/\/blogdorogeriogomes.com.br\/noticias\/wp-json\/wp\/v2\/posts"}],"about":[{"href":"https:\/\/blogdorogeriogomes.com.br\/noticias\/wp-json\/wp\/v2\/types\/post"}],"author":[{"embeddable":true,"href":"https:\/\/blogdorogeriogomes.com.br\/noticias\/wp-json\/wp\/v2\/users\/1"}],"replies":[{"embeddable":true,"href":"https:\/\/blogdorogeriogomes.com.br\/noticias\/wp-json\/wp\/v2\/comments?post=19592"}],"version-history":[{"count":2,"href":"https:\/\/blogdorogeriogomes.com.br\/noticias\/wp-json\/wp\/v2\/posts\/19592\/revisions"}],"predecessor-version":[{"id":19629,"href":"https:\/\/blogdorogeriogomes.com.br\/noticias\/wp-json\/wp\/v2\/posts\/19592\/revisions\/19629"}],"wp:featuredmedia":[{"embeddable":true,"href":"https:\/\/blogdorogeriogomes.com.br\/noticias\/wp-json\/wp\/v2\/media\/19593"}],"wp:attachment":[{"href":"https:\/\/blogdorogeriogomes.com.br\/noticias\/wp-json\/wp\/v2\/media?parent=19592"}],"wp:term":[{"taxonomy":"category","embeddable":true,"href":"https:\/\/blogdorogeriogomes.com.br\/noticias\/wp-json\/wp\/v2\/categories?post=19592"},{"taxonomy":"post_tag","embeddable":true,"href":"https:\/\/blogdorogeriogomes.com.br\/noticias\/wp-json\/wp\/v2\/tags?post=19592"}],"curies":[{"name":"wp","href":"https:\/\/api.w.org\/{rel}","templated":true}]}}