{"id":19598,"date":"2020-12-30T17:11:06","date_gmt":"2020-12-30T17:11:06","guid":{"rendered":"https:\/\/blogdorogeriogomes.com.br\/?p=19598"},"modified":"2021-01-04T10:23:56","modified_gmt":"2021-01-04T10:23:56","slug":"jose-sarto-anuncia-novo-secretariado-municipal-de-fortaleza","status":"publish","type":"post","link":"https:\/\/blogdorogeriogomes.com.br\/noticias\/2020\/12\/jose-sarto-anuncia-novo-secretariado-municipal-de-fortaleza\/","title":{"rendered":"Jos\u00e9 Sarto anuncia novo secretariado municipal de Fortaleza"},"content":{"rendered":"\n<p>O prefeito eleito de Fortaleza, Sarto Nogueira (PDT), anunciou em suas redes sociais, na tarde desta quarta-feira, dia 30 de dezembro, os nomes que integram o seu secretariado a partir da pr\u00f3xima sexta-feira, dia 1\u00ba de janeiro de 2021. A equipe mescla remanescentes da gest\u00e3o de Roberto Cl\u00e1udio e quadros ligados ao grupo pol\u00edtico de Sarto. Os 12 secret\u00e1rios das Regionais ainda ser\u00e3o anunciados.<\/p>\n\n\n\n<p>Veja a rela\u00e7\u00e3o:<\/p>\n\n\n\n<ul class=\"wp-block-list\"><li>Chefia de Gabinete: Elp\u00eddio Moreira<\/li><li>Secretaria de Governo: Renato Lima<\/li><li>Controladoria e Ouvidoria: Cristina Machado<\/li><li>Procuradoria Geral do Munic\u00edpio: Fernando Oliveira<\/li><li>Secretaria de Finan\u00e7as: Fl\u00e1via Teixeira<\/li><li>Secretaria de Planejamento, Or\u00e7amento e Gest\u00e3o: Marcelo Pinheiro<\/li><li>Secretaria da Seguran\u00e7a Cidad\u00e3: Eduardo de Holanda<\/li><li>Secretaria da Educa\u00e7\u00e3o: Dalila Saldanha<\/li><li>Secretaria da Sa\u00fade: Ana Estela Fernandes<\/li><li>Secretaria de Infraestrutura: Samuel Dias<\/li><li>Secretaria de Conserva\u00e7\u00e3o e Servi\u00e7os P\u00fablicos: Ferruccio Feitosa<\/li><li>Secretaria de Esporte e Lazer: Ozires Pontes<\/li><li>Secretaria de Urbanismo e Meio Ambiente: Luciana Lobo<\/li><li>Secretaria de Turismo: Alexandre Pereira<\/li><li>Secretaria de Direitos Humanos: Cl\u00e1udio Pinho<\/li><li>Secretaria da Cultura: Elp\u00eddio Nogueira<\/li><li>Secretaria de Desenvolvimento Econ\u00f4mico: Rodrigo Diogo Nogueira<\/li><li>Habitafor: Adail Fontenele<\/li><li>Gest\u00e3o Regional: Jo\u00e3o Pupo<\/li><li>Iplanfor: \u00c9lcio Batista<\/li><\/ul>\n","protected":false},"excerpt":{"rendered":"<p>O prefeito eleito de Fortaleza, Sarto Nogueira (PDT), anunciou em suas redes sociais, na tarde desta quarta-feira, dia 30 de dezembro, os nomes que integram o seu secretariado a partir da pr\u00f3xima sexta-feira, dia 1\u00ba de janeiro de 2021. A equipe mescla remanescentes da gest\u00e3o de Roberto Cl\u00e1udio e quadros ligados ao grupo pol\u00edtico de Sarto. Os 12 secret\u00e1rios das Regionais ainda ser\u00e3o anunciados. Veja a rela\u00e7\u00e3o: Chefia de Gabinete: Elp\u00eddio Moreira Secretaria de Governo: Renato Lima Controladoria e&hellip;<\/p>\n","protected":false},"author":1,"featured_media":19502,"comment_status":"open","ping_status":"open","sticky":false,"template":"","format":"standard","meta":{"footnotes":""},"categories":[1],"tags":[],"class_list":["post-19598","post","type-post","status-publish","format-standard","has-post-thumbnail","hentry","category-noticias"],"_links":{"self":[{"href":"https:\/\/blogdorogeriogomes.com.br\/noticias\/wp-json\/wp\/v2\/posts\/19598","targetHints":{"allow":["GET"]}}],"collection":[{"href":"https:\/\/blogdorogeriogomes.com.br\/noticias\/wp-json\/wp\/v2\/posts"}],"about":[{"href":"https:\/\/blogdorogeriogomes.com.br\/noticias\/wp-json\/wp\/v2\/types\/post"}],"author":[{"embeddable":true,"href":"https:\/\/blogdorogeriogomes.com.br\/noticias\/wp-json\/wp\/v2\/users\/1"}],"replies":[{"embeddable":true,"href":"https:\/\/blogdorogeriogomes.com.br\/noticias\/wp-json\/wp\/v2\/comments?post=19598"}],"version-history":[{"count":1,"href":"https:\/\/blogdorogeriogomes.com.br\/noticias\/wp-json\/wp\/v2\/posts\/19598\/revisions"}],"predecessor-version":[{"id":19599,"href":"https:\/\/blogdorogeriogomes.com.br\/noticias\/wp-json\/wp\/v2\/posts\/19598\/revisions\/19599"}],"wp:featuredmedia":[{"embeddable":true,"href":"https:\/\/blogdorogeriogomes.com.br\/noticias\/wp-json\/wp\/v2\/media\/19502"}],"wp:attachment":[{"href":"https:\/\/blogdorogeriogomes.com.br\/noticias\/wp-json\/wp\/v2\/media?parent=19598"}],"wp:term":[{"taxonomy":"category","embeddable":true,"href":"https:\/\/blogdorogeriogomes.com.br\/noticias\/wp-json\/wp\/v2\/categories?post=19598"},{"taxonomy":"post_tag","embeddable":true,"href":"https:\/\/blogdorogeriogomes.com.br\/noticias\/wp-json\/wp\/v2\/tags?post=19598"}],"curies":[{"name":"wp","href":"https:\/\/api.w.org\/{rel}","templated":true}]}}