{"id":19601,"date":"2020-12-31T10:59:30","date_gmt":"2020-12-31T10:59:30","guid":{"rendered":"https:\/\/blogdorogeriogomes.com.br\/?p=19601"},"modified":"2021-01-04T10:20:13","modified_gmt":"2021-01-04T10:20:13","slug":"nova-praca-jose-de-alencar-em-fortaleza-e-entregue-no-ultimo-dia-de-2020","status":"publish","type":"post","link":"https:\/\/blogdorogeriogomes.com.br\/noticias\/2020\/12\/nova-praca-jose-de-alencar-em-fortaleza-e-entregue-no-ultimo-dia-de-2020\/","title":{"rendered":"Nova pra\u00e7a Jos\u00e9 de Alencar, em Fortaleza, \u00e9 entregue no \u00faltimo dia de 2020"},"content":{"rendered":"\n<p>A nova pra\u00e7a Jos\u00e9 de Alencar, uma das mais antigas e tradicionais do Centro de Fortaleza, \u00e9 a \u00faltima obra da gest\u00e3o Roberto Cl\u00e1udio a ser entregue nesta quinta-feira, dia 31 de dezembro, o \u00faltimo do ano de 2020. Os fortalezenses poder\u00e3o conferir as mudan\u00e7as feitas por l\u00e1, dentre elas, est\u00e1 a&nbsp;constru\u00e7\u00e3o de uma fonte luminosa cibern\u00e9tica, onde os movimentos das \u00e1guas funcionam em sintonia com a m\u00fasica que \u00e9 emitida em v\u00e1rias caixas sonoras, sendo mais um atrativo para os que visitam o espa\u00e7o. &nbsp;&nbsp;As interven\u00e7\u00f5es, que foram iniciadas em dezembro do ano passado, tiveram&nbsp;investimento de R$ 3,2 milh\u00f5es de reais.<\/p>\n\n\n\n<p>Ber\u00e7o do famoso Theatro&nbsp;Jos\u00e9 de Alencar, a nova pra\u00e7a foi totalmente reformada e ganhou&nbsp;piso industrial, novos postes com ilumina\u00e7\u00e3o em LED, mobili\u00e1rios urbanos, paisagismo com o plantio de novas \u00e1rvores, paraciclos e esta\u00e7\u00e3o do Bicicletar com 14 bicicletas.<\/p>\n\n\n\n<p>A est\u00e1tua do escritor cearense, Jos\u00e9 de Alencar, tamb\u00e9m passou por restauro, onde recebeu limpeza especial al\u00e9m de pintura em bronze em todo o monumento. A rua Liberato Barroso, localizada em frente ao teatro, teve todo o pavimento em paralelep\u00edpedo reformado e ganhou uma passagem em n\u00edvel com desenhos em alus\u00e3o aos vitrais do majestoso Theatro Jos\u00e9 de Alencar.<\/p>\n\n\n\n<p>De 2013 at\u00e9 2018, a Prefeitura de Fortaleza entregou mais de 300 pra\u00e7as reformadas. Do ano passado at\u00e9 agora, 150 pra\u00e7as foram devolvidas para a popula\u00e7\u00e3o. E mais outras 40 ser\u00e3o reformadas at\u00e9 o final de 2020. Dentre essas, 23 foram reformadas apenas no Centro de Fortaleza, a exemplo de outras pra\u00e7as hist\u00f3ricas da capital cearense, como a Pra\u00e7a do Ferreira e Pra\u00e7a dos M\u00e1rtires.<br><\/p>\n\n\n\n<figure class=\"wp-block-image size-large\"><img loading=\"lazy\" decoding=\"async\" width=\"1024\" height=\"682\" src=\"https:\/\/blogdorogeriogomes.com.br\/wp-content\/uploads\/2020\/12\/IMG-20201230-WA0155-1024x682.jpg\" alt=\"\" class=\"wp-image-19602\" srcset=\"https:\/\/blogdorogeriogomes.com.br\/noticias\/wp-content\/uploads\/2020\/12\/IMG-20201230-WA0155-1024x682.jpg 1024w, https:\/\/blogdorogeriogomes.com.br\/noticias\/wp-content\/uploads\/2020\/12\/IMG-20201230-WA0155-300x200.jpg 300w, https:\/\/blogdorogeriogomes.com.br\/noticias\/wp-content\/uploads\/2020\/12\/IMG-20201230-WA0155-768x512.jpg 768w, https:\/\/blogdorogeriogomes.com.br\/noticias\/wp-content\/uploads\/2020\/12\/IMG-20201230-WA0155-800x533.jpg 800w, https:\/\/blogdorogeriogomes.com.br\/noticias\/wp-content\/uploads\/2020\/12\/IMG-20201230-WA0155.jpg 1280w\" sizes=\"auto, (max-width: 1024px) 100vw, 1024px\" \/><\/figure>\n","protected":false},"excerpt":{"rendered":"<p>A nova pra\u00e7a Jos\u00e9 de Alencar, uma das mais antigas e tradicionais do Centro de Fortaleza, \u00e9 a \u00faltima obra da gest\u00e3o Roberto Cl\u00e1udio a ser entregue nesta quinta-feira, dia 31 de dezembro, o \u00faltimo do ano de 2020. Os fortalezenses poder\u00e3o conferir as mudan\u00e7as feitas por l\u00e1, dentre elas, est\u00e1 a&nbsp;constru\u00e7\u00e3o de uma fonte luminosa cibern\u00e9tica, onde os movimentos das \u00e1guas funcionam em sintonia com a m\u00fasica que \u00e9 emitida em v\u00e1rias caixas sonoras, sendo mais um atrativo&hellip;<\/p>\n","protected":false},"author":1,"featured_media":19602,"comment_status":"open","ping_status":"open","sticky":false,"template":"","format":"standard","meta":{"footnotes":""},"categories":[1],"tags":[],"class_list":["post-19601","post","type-post","status-publish","format-standard","has-post-thumbnail","hentry","category-noticias"],"_links":{"self":[{"href":"https:\/\/blogdorogeriogomes.com.br\/noticias\/wp-json\/wp\/v2\/posts\/19601","targetHints":{"allow":["GET"]}}],"collection":[{"href":"https:\/\/blogdorogeriogomes.com.br\/noticias\/wp-json\/wp\/v2\/posts"}],"about":[{"href":"https:\/\/blogdorogeriogomes.com.br\/noticias\/wp-json\/wp\/v2\/types\/post"}],"author":[{"embeddable":true,"href":"https:\/\/blogdorogeriogomes.com.br\/noticias\/wp-json\/wp\/v2\/users\/1"}],"replies":[{"embeddable":true,"href":"https:\/\/blogdorogeriogomes.com.br\/noticias\/wp-json\/wp\/v2\/comments?post=19601"}],"version-history":[{"count":2,"href":"https:\/\/blogdorogeriogomes.com.br\/noticias\/wp-json\/wp\/v2\/posts\/19601\/revisions"}],"predecessor-version":[{"id":19627,"href":"https:\/\/blogdorogeriogomes.com.br\/noticias\/wp-json\/wp\/v2\/posts\/19601\/revisions\/19627"}],"wp:featuredmedia":[{"embeddable":true,"href":"https:\/\/blogdorogeriogomes.com.br\/noticias\/wp-json\/wp\/v2\/media\/19602"}],"wp:attachment":[{"href":"https:\/\/blogdorogeriogomes.com.br\/noticias\/wp-json\/wp\/v2\/media?parent=19601"}],"wp:term":[{"taxonomy":"category","embeddable":true,"href":"https:\/\/blogdorogeriogomes.com.br\/noticias\/wp-json\/wp\/v2\/categories?post=19601"},{"taxonomy":"post_tag","embeddable":true,"href":"https:\/\/blogdorogeriogomes.com.br\/noticias\/wp-json\/wp\/v2\/tags?post=19601"}],"curies":[{"name":"wp","href":"https:\/\/api.w.org\/{rel}","templated":true}]}}