{"id":19604,"date":"2020-12-31T11:20:07","date_gmt":"2020-12-31T11:20:07","guid":{"rendered":"https:\/\/blogdorogeriogomes.com.br\/?p=19604"},"modified":"2021-01-04T10:19:50","modified_gmt":"2021-01-04T10:19:50","slug":"antonio-henrique-pdt-encabeca-a-nova-mesa-diretora-da-camara-que-sera-empossada-nesta-sexta-feira","status":"publish","type":"post","link":"https:\/\/blogdorogeriogomes.com.br\/noticias\/2020\/12\/antonio-henrique-pdt-encabeca-a-nova-mesa-diretora-da-camara-que-sera-empossada-nesta-sexta-feira\/","title":{"rendered":"Ant\u00f4nio Henrique (PDT) encabe\u00e7a a nova Mesa Diretora da C\u00e2mara que ser\u00e1 empossada nesta sexta-feira"},"content":{"rendered":"\n<p>Com o an\u00fancio do novo secretariado municipal da gest\u00e3o Jos\u00e9 Sarto, em Fortaleza, tamb\u00e9m ficou definida a nova Mesa Diretora da C\u00e2mara de Vereadores da Capital. O presidente ser\u00e1 Ant\u00f4nio Henrique (PDT), que seguir\u00e1 para o seu segundo mandato no comando do Legislativo Municipal. Tamb\u00e9m foi indicado o atual vereador \u00c9sio Feitosa, que ficou na supl\u00eancia do PSB nas elei\u00e7\u00f5es deste ano, como novo articulador pol\u00edtico da Gest\u00e3o Sarto na C\u00e2mara. \u00c9sio ocupava at\u00e9 hoje a lideran\u00e7a do prefeito Roberto Cl\u00e1udio na Casa.<\/p>\n\n\n\n<p>A nova composi\u00e7\u00e3o da Mesa Diretora da C\u00e2mara Municipal de Fortaleza tamb\u00e9m contemplou vereadores da oposi\u00e7\u00e3o.<\/p>\n\n\n\n<p>Integrantes da Mesa Diretora da CMF<br>Presidente: Ant\u00f4nio Henrique (PDT)<br>1\u00ba Vice: Adail J\u00fanior (PDT)<br>2\u00ba Vice: Ana Paula (PDT)<br>3\u00ba Vice: Eudes Bringel (PSB)<br>1\u00ba Secret\u00e1rio: Julierme Sena (PROS)<br>2\u00ba Secret\u00e1rio: Guilherme Sampaio (PT)<br>3\u00ba Secret\u00e1rio: K\u00e1tia Rodrigues (Cidadania)<br>1\u00ba Suplente: Francisca das Chagas &#8211; Tia Francisca (PL)<br>2\u00ba Suplente: Jos\u00e9 Freire (PSD)<br>3\u00ba Suplente: Erivaldo Xavier (PSC)<\/p>\n\n\n\n<figure class=\"wp-block-image size-large\"><img loading=\"lazy\" decoding=\"async\" width=\"739\" height=\"415\" src=\"https:\/\/blogdorogeriogomes.com.br\/wp-content\/uploads\/2020\/12\/images-1-2.jpeg\" alt=\"\" class=\"wp-image-19605\" srcset=\"https:\/\/blogdorogeriogomes.com.br\/noticias\/wp-content\/uploads\/2020\/12\/images-1-2.jpeg 739w, https:\/\/blogdorogeriogomes.com.br\/noticias\/wp-content\/uploads\/2020\/12\/images-1-2-300x168.jpeg 300w\" sizes=\"auto, (max-width: 739px) 100vw, 739px\" \/><\/figure>\n","protected":false},"excerpt":{"rendered":"<p>Com o an\u00fancio do novo secretariado municipal da gest\u00e3o Jos\u00e9 Sarto, em Fortaleza, tamb\u00e9m ficou definida a nova Mesa Diretora da C\u00e2mara de Vereadores da Capital. O presidente ser\u00e1 Ant\u00f4nio Henrique (PDT), que seguir\u00e1 para o seu segundo mandato no comando do Legislativo Municipal. Tamb\u00e9m foi indicado o atual vereador \u00c9sio Feitosa, que ficou na supl\u00eancia do PSB nas elei\u00e7\u00f5es deste ano, como novo articulador pol\u00edtico da Gest\u00e3o Sarto na C\u00e2mara. \u00c9sio ocupava at\u00e9 hoje a lideran\u00e7a do prefeito&hellip;<\/p>\n","protected":false},"author":1,"featured_media":19605,"comment_status":"open","ping_status":"open","sticky":false,"template":"","format":"standard","meta":{"footnotes":""},"categories":[1],"tags":[],"class_list":["post-19604","post","type-post","status-publish","format-standard","has-post-thumbnail","hentry","category-noticias"],"_links":{"self":[{"href":"https:\/\/blogdorogeriogomes.com.br\/noticias\/wp-json\/wp\/v2\/posts\/19604","targetHints":{"allow":["GET"]}}],"collection":[{"href":"https:\/\/blogdorogeriogomes.com.br\/noticias\/wp-json\/wp\/v2\/posts"}],"about":[{"href":"https:\/\/blogdorogeriogomes.com.br\/noticias\/wp-json\/wp\/v2\/types\/post"}],"author":[{"embeddable":true,"href":"https:\/\/blogdorogeriogomes.com.br\/noticias\/wp-json\/wp\/v2\/users\/1"}],"replies":[{"embeddable":true,"href":"https:\/\/blogdorogeriogomes.com.br\/noticias\/wp-json\/wp\/v2\/comments?post=19604"}],"version-history":[{"count":1,"href":"https:\/\/blogdorogeriogomes.com.br\/noticias\/wp-json\/wp\/v2\/posts\/19604\/revisions"}],"predecessor-version":[{"id":19606,"href":"https:\/\/blogdorogeriogomes.com.br\/noticias\/wp-json\/wp\/v2\/posts\/19604\/revisions\/19606"}],"wp:featuredmedia":[{"embeddable":true,"href":"https:\/\/blogdorogeriogomes.com.br\/noticias\/wp-json\/wp\/v2\/media\/19605"}],"wp:attachment":[{"href":"https:\/\/blogdorogeriogomes.com.br\/noticias\/wp-json\/wp\/v2\/media?parent=19604"}],"wp:term":[{"taxonomy":"category","embeddable":true,"href":"https:\/\/blogdorogeriogomes.com.br\/noticias\/wp-json\/wp\/v2\/categories?post=19604"},{"taxonomy":"post_tag","embeddable":true,"href":"https:\/\/blogdorogeriogomes.com.br\/noticias\/wp-json\/wp\/v2\/tags?post=19604"}],"curies":[{"name":"wp","href":"https:\/\/api.w.org\/{rel}","templated":true}]}}