{"id":19607,"date":"2020-12-31T16:46:04","date_gmt":"2020-12-31T16:46:04","guid":{"rendered":"https:\/\/blogdorogeriogomes.com.br\/?p=19607"},"modified":"2021-01-04T10:20:00","modified_gmt":"2021-01-04T10:20:00","slug":"executiva-estadual-do-pt-anula-decisao-municipal-de-se-opor-a-gestao-de-jose-sarto-na-prefeitura-de-fortaleza","status":"publish","type":"post","link":"https:\/\/blogdorogeriogomes.com.br\/noticias\/2020\/12\/executiva-estadual-do-pt-anula-decisao-municipal-de-se-opor-a-gestao-de-jose-sarto-na-prefeitura-de-fortaleza\/","title":{"rendered":"Executiva Estadual do PT anula decis\u00e3o municipal de se opor \u00e0 gest\u00e3o de Jos\u00e9 Sarto na Prefeitura de Fortaleza"},"content":{"rendered":"\n<p>A diverg\u00eancia interna no Partido dos Trabalhadores segue intensa diante da indefini\u00e7\u00e3o sobre qual posi\u00e7\u00e3o a legenda tomar\u00e1 sobre a gest\u00e3o do novo prefeito de Fortaleza, Sarto Nogueira (PDT). Durante esta semana, os vereadores e a inst\u00e2ncia municipal do PT haviam decidido que se manteriam em oposi\u00e7\u00e3o ao governo do sucessor de Roberto Cl\u00e1udio. No entanto, a Executiva Estadual petista acabou por anular esta decis\u00e3o na \u00faltima quarta-feira.<\/p>\n\n\n\n<p>Se de um lado os vereadores Guilherme Sampaio, Ronivaldo Maia e Larissa Gaspar buscam sutentar a oposi\u00e7\u00e3o \u00e0 Sarto, nomes petistas como o governador Camilo Santana, os deputados federais Jos\u00e9 Guimar\u00e3es e Jos\u00e9 Airton, e os deputados estaduais Acr\u00edsio Sena, Mois\u00e9s Braz e Fernando Santana pressionam para que o PT integre a base de Sarto.<\/p>\n\n\n\n<p>Os representantes da legenda na C\u00e2mara Municipal de Fortaleza sustentam que o partido deve fazer uma oposi\u00e7\u00e3o qualificada e propositiva ao novo prefeito, mantendo a mesma postura que teve durante os oito anos de Roberto Cl\u00e1udio no Pa\u00e7o Municipal. Em entrevista ao jornal O POVO, Guilherme Sampaio chegou a dizer que este sentimento representa &#8220;a maioria da milit\u00e2ncia do PT&#8221;.<\/p>\n\n\n\n<p>Um dos principais defensores do PT ao lado da gest\u00e3o municipal, Acr\u00edsio Sena condena a oposi\u00e7\u00e3o de companheiros de partido e diz que esta posi\u00e7\u00e3o &#8220;desconsidera a voca\u00e7\u00e3o democr\u00e1tica&#8221; do Partido dos Trabalhadores. A base estadual petista defende que \u00e9 momento de somar foras diante de uma oposi\u00e7\u00e3o formada por apoiadores de Capit\u00e3o Wagner, candidato derrotado por Sarto no segundo turno das elei\u00e7\u00f5es e um dos principais opositores ao grupo pol\u00edtico no poder no Estado, e bolsonaristas.<\/p>\n\n\n\n<p>A oposi\u00e7\u00e3o \u00e0 Sarto tamb\u00e9m \u00e9 sustentada por militantes que defendem a ex-prefeita Luizianne Lins, que foi advers\u00e1ria de Sarto durante as \u00faltimas elei\u00e7\u00f5es, e n\u00e3o se posicionou a favor do prefeito eleito ao longo do segundo turno.<\/p>\n\n\n\n<p>Os representantes estaduais do PT prometem recorrer \u00e0 esfera nacional do partido caso a insist\u00eancia de formar oposi\u00e7\u00e3o em Fortaleza se mantenha.<\/p>\n\n\n\n<figure class=\"wp-block-image size-large\"><img loading=\"lazy\" decoding=\"async\" width=\"640\" height=\"480\" src=\"https:\/\/blogdorogeriogomes.com.br\/wp-content\/uploads\/2020\/12\/images-2-2.jpeg\" alt=\"\" class=\"wp-image-19608\" srcset=\"https:\/\/blogdorogeriogomes.com.br\/noticias\/wp-content\/uploads\/2020\/12\/images-2-2.jpeg 640w, https:\/\/blogdorogeriogomes.com.br\/noticias\/wp-content\/uploads\/2020\/12\/images-2-2-300x225.jpeg 300w, https:\/\/blogdorogeriogomes.com.br\/noticias\/wp-content\/uploads\/2020\/12\/images-2-2-400x300.jpeg 400w\" sizes=\"auto, (max-width: 640px) 100vw, 640px\" \/><\/figure>\n","protected":false},"excerpt":{"rendered":"<p>A diverg\u00eancia interna no Partido dos Trabalhadores segue intensa diante da indefini\u00e7\u00e3o sobre qual posi\u00e7\u00e3o a legenda tomar\u00e1 sobre a gest\u00e3o do novo prefeito de Fortaleza, Sarto Nogueira (PDT). Durante esta semana, os vereadores e a inst\u00e2ncia municipal do PT haviam decidido que se manteriam em oposi\u00e7\u00e3o ao governo do sucessor de Roberto Cl\u00e1udio. No entanto, a Executiva Estadual petista acabou por anular esta decis\u00e3o na \u00faltima quarta-feira. Se de um lado os vereadores Guilherme Sampaio, Ronivaldo Maia e&hellip;<\/p>\n","protected":false},"author":1,"featured_media":19608,"comment_status":"open","ping_status":"open","sticky":false,"template":"","format":"standard","meta":{"footnotes":""},"categories":[1],"tags":[],"class_list":["post-19607","post","type-post","status-publish","format-standard","has-post-thumbnail","hentry","category-noticias"],"_links":{"self":[{"href":"https:\/\/blogdorogeriogomes.com.br\/noticias\/wp-json\/wp\/v2\/posts\/19607","targetHints":{"allow":["GET"]}}],"collection":[{"href":"https:\/\/blogdorogeriogomes.com.br\/noticias\/wp-json\/wp\/v2\/posts"}],"about":[{"href":"https:\/\/blogdorogeriogomes.com.br\/noticias\/wp-json\/wp\/v2\/types\/post"}],"author":[{"embeddable":true,"href":"https:\/\/blogdorogeriogomes.com.br\/noticias\/wp-json\/wp\/v2\/users\/1"}],"replies":[{"embeddable":true,"href":"https:\/\/blogdorogeriogomes.com.br\/noticias\/wp-json\/wp\/v2\/comments?post=19607"}],"version-history":[{"count":1,"href":"https:\/\/blogdorogeriogomes.com.br\/noticias\/wp-json\/wp\/v2\/posts\/19607\/revisions"}],"predecessor-version":[{"id":19609,"href":"https:\/\/blogdorogeriogomes.com.br\/noticias\/wp-json\/wp\/v2\/posts\/19607\/revisions\/19609"}],"wp:featuredmedia":[{"embeddable":true,"href":"https:\/\/blogdorogeriogomes.com.br\/noticias\/wp-json\/wp\/v2\/media\/19608"}],"wp:attachment":[{"href":"https:\/\/blogdorogeriogomes.com.br\/noticias\/wp-json\/wp\/v2\/media?parent=19607"}],"wp:term":[{"taxonomy":"category","embeddable":true,"href":"https:\/\/blogdorogeriogomes.com.br\/noticias\/wp-json\/wp\/v2\/categories?post=19607"},{"taxonomy":"post_tag","embeddable":true,"href":"https:\/\/blogdorogeriogomes.com.br\/noticias\/wp-json\/wp\/v2\/tags?post=19607"}],"curies":[{"name":"wp","href":"https:\/\/api.w.org\/{rel}","templated":true}]}}