{"id":19610,"date":"2021-01-02T10:19:35","date_gmt":"2021-01-02T10:19:35","guid":{"rendered":"https:\/\/blogdorogeriogomes.com.br\/?p=19610"},"modified":"2021-01-04T10:19:32","modified_gmt":"2021-01-04T10:19:32","slug":"sarto-toma-posse-prometendo-reduzir-desigualdades-busca-pela-vacina-da-covid-19-e-retorno-das-aulas-na-capital","status":"publish","type":"post","link":"https:\/\/blogdorogeriogomes.com.br\/noticias\/2021\/01\/sarto-toma-posse-prometendo-reduzir-desigualdades-busca-pela-vacina-da-covid-19-e-retorno-das-aulas-na-capital\/","title":{"rendered":"Sarto toma posse prometendo reduzir desigualdades, busca pela vacina da Covid-19 e retorno das aulas na Capital"},"content":{"rendered":"\n<p>O prefeito de Fortaleza Jos\u00e9 Sarto (PDT) e o vice \u00c9lcio Batista (PSB) foram empossados na tarde desta sexta-feira, dia 1\u00b0 de janeiro, na C\u00e2mara de Vereadores. Durante o discurso, Sarto reafirmou compromisso com a redu\u00e7\u00e3o de desigualdades e enfatizou a import\u00e2ncia de pol\u00edticas de gera\u00e7\u00e3o de emprego e renda, especialmente para mulheres e jovens. Tamb\u00e9m destacou que vai buscar a garantia da vacina\u00e7\u00e3o contra a Covid-19 em Fortaleza, al\u00e9m reafirmar que a rede de ensino p\u00fablica da Capital j\u00e1 est\u00e1 pronta para a retomada das aulas presenciais em 2021.<\/p>\n\n\n\n<p>De acordo com Sarto, a gest\u00e3o do prefeito Roberto Cl\u00e1udio (PDT) combateu as desigualdades com obstina\u00e7\u00e3o, alcan\u00e7ando resultados em todas as \u00e1reas, como educa\u00e7\u00e3o, sa\u00fade, habita\u00e7\u00e3o, mobilidade urbana e outros. Mesmo com muitos avan\u00e7os, disse Sarto, h\u00e1 muito a se fazer.<\/p>\n\n\n\n<p>&#8220;Por isso, nossa responsabilidade \u00e9 trabalhar dia e noite, todo dia, para reduzirmos ainda mais a diferen\u00e7a entre as condi\u00e7\u00f5es de vida dos mais ricos e dos mais pobres. Sobretudo, porque essa dist\u00e2ncia foi acentuada pela pandemia do Covid-19&#8221;, ressaltou.<\/p>\n\n\n\n<p>O vice Elcio Batista ressaltou a import\u00e2ncia do di\u00e1logo com a oposi\u00e7\u00e3o na C\u00e2mara Municipal de Fortaleza. Ele enfatizou que existe di\u00e1logo para trazer o PT para uma frente de apoio \u00e0 administra\u00e7\u00e3o de Sarto Nogueira. As articula\u00e7\u00f5es envolvem o governador Camilo Santana.<\/p>\n\n\n\n<p>Nesta sexta-feira tamb\u00e9m foram empossados os 43 vereadores eleitos da Capital. O presidente da C\u00e2mara Municipal, Ant\u00f4nio Henrique (PDT) foi reconduzido para mais dois anos no comando do Legislativo Municipal. Ele pretende colocar na pauta desse primeiro semestre duas reformas que ir\u00e3o mexer com quadros do Munic\u00edpio: a previdenci\u00e1ria e a administrativa. A revis\u00e3o do Plano Diretor da Capital, instrumento b\u00e1sico da pol\u00edtica urbana que integra o sistema de planejamento municipal, tamb\u00e9m deve entrar na pauta dos vereadores.<\/p>\n\n\n\n<figure class=\"wp-block-image size-large\"><img loading=\"lazy\" decoding=\"async\" width=\"1024\" height=\"681\" src=\"https:\/\/blogdorogeriogomes.com.br\/wp-content\/uploads\/2021\/01\/IMG-20210101-WA0122-1024x681.jpg\" alt=\"\" class=\"wp-image-19611\" srcset=\"https:\/\/blogdorogeriogomes.com.br\/noticias\/wp-content\/uploads\/2021\/01\/IMG-20210101-WA0122-1024x681.jpg 1024w, https:\/\/blogdorogeriogomes.com.br\/noticias\/wp-content\/uploads\/2021\/01\/IMG-20210101-WA0122-300x200.jpg 300w, https:\/\/blogdorogeriogomes.com.br\/noticias\/wp-content\/uploads\/2021\/01\/IMG-20210101-WA0122-768x511.jpg 768w, https:\/\/blogdorogeriogomes.com.br\/noticias\/wp-content\/uploads\/2021\/01\/IMG-20210101-WA0122-800x532.jpg 800w, https:\/\/blogdorogeriogomes.com.br\/noticias\/wp-content\/uploads\/2021\/01\/IMG-20210101-WA0122.jpg 1040w\" sizes=\"auto, (max-width: 1024px) 100vw, 1024px\" \/><\/figure>\n\n\n\n<p><\/p>\n\n\n\n<p><\/p>\n\n\n\n<p><\/p>\n\n\n\n<p><\/p>\n","protected":false},"excerpt":{"rendered":"<p>O prefeito de Fortaleza Jos\u00e9 Sarto (PDT) e o vice \u00c9lcio Batista (PSB) foram empossados na tarde desta sexta-feira, dia 1\u00b0 de janeiro, na C\u00e2mara de Vereadores. Durante o discurso, Sarto reafirmou compromisso com a redu\u00e7\u00e3o de desigualdades e enfatizou a import\u00e2ncia de pol\u00edticas de gera\u00e7\u00e3o de emprego e renda, especialmente para mulheres e jovens. Tamb\u00e9m destacou que vai buscar a garantia da vacina\u00e7\u00e3o contra a Covid-19 em Fortaleza, al\u00e9m reafirmar que a rede de ensino p\u00fablica da Capital&hellip;<\/p>\n","protected":false},"author":1,"featured_media":19611,"comment_status":"open","ping_status":"open","sticky":false,"template":"","format":"standard","meta":{"footnotes":""},"categories":[1],"tags":[],"class_list":["post-19610","post","type-post","status-publish","format-standard","has-post-thumbnail","hentry","category-noticias"],"_links":{"self":[{"href":"https:\/\/blogdorogeriogomes.com.br\/noticias\/wp-json\/wp\/v2\/posts\/19610","targetHints":{"allow":["GET"]}}],"collection":[{"href":"https:\/\/blogdorogeriogomes.com.br\/noticias\/wp-json\/wp\/v2\/posts"}],"about":[{"href":"https:\/\/blogdorogeriogomes.com.br\/noticias\/wp-json\/wp\/v2\/types\/post"}],"author":[{"embeddable":true,"href":"https:\/\/blogdorogeriogomes.com.br\/noticias\/wp-json\/wp\/v2\/users\/1"}],"replies":[{"embeddable":true,"href":"https:\/\/blogdorogeriogomes.com.br\/noticias\/wp-json\/wp\/v2\/comments?post=19610"}],"version-history":[{"count":1,"href":"https:\/\/blogdorogeriogomes.com.br\/noticias\/wp-json\/wp\/v2\/posts\/19610\/revisions"}],"predecessor-version":[{"id":19612,"href":"https:\/\/blogdorogeriogomes.com.br\/noticias\/wp-json\/wp\/v2\/posts\/19610\/revisions\/19612"}],"wp:featuredmedia":[{"embeddable":true,"href":"https:\/\/blogdorogeriogomes.com.br\/noticias\/wp-json\/wp\/v2\/media\/19611"}],"wp:attachment":[{"href":"https:\/\/blogdorogeriogomes.com.br\/noticias\/wp-json\/wp\/v2\/media?parent=19610"}],"wp:term":[{"taxonomy":"category","embeddable":true,"href":"https:\/\/blogdorogeriogomes.com.br\/noticias\/wp-json\/wp\/v2\/categories?post=19610"},{"taxonomy":"post_tag","embeddable":true,"href":"https:\/\/blogdorogeriogomes.com.br\/noticias\/wp-json\/wp\/v2\/tags?post=19610"}],"curies":[{"name":"wp","href":"https:\/\/api.w.org\/{rel}","templated":true}]}}