{"id":19620,"date":"2021-01-04T09:16:14","date_gmt":"2021-01-04T09:16:14","guid":{"rendered":"https:\/\/blogdorogeriogomes.com.br\/?p=19620"},"modified":"2021-01-04T10:19:09","modified_gmt":"2021-01-04T10:19:09","slug":"secretariado-de-jose-sarto-sera-empossado-nesta-segunda-feira-em-cerimonia-virtual","status":"publish","type":"post","link":"https:\/\/blogdorogeriogomes.com.br\/noticias\/2021\/01\/secretariado-de-jose-sarto-sera-empossado-nesta-segunda-feira-em-cerimonia-virtual\/","title":{"rendered":"Secretariado de Jos\u00e9 Sarto ser\u00e1 empossado nesta segunda-feira em cerim\u00f4nia virtual"},"content":{"rendered":"\n<p>Ap\u00f3s ser empossado pela C\u00e2mara Municipal na \u00faltima sexta-feira, dia 1\u00b0 de janeiro, o prefeito de Fortaleza, Jos\u00e9 Sarto (PDT), dar\u00e1 posse ao novo secretariado durante solenidade virtual, nesta segunda-feira, dia 4. Entre os nomes que tomam posse, est\u00e1 o do vice-prefeito \u00c9lcio Batista (PSB) como superintendente do Instituto de Planejamento Urbano de Fortaleza (Iplanfor).<\/p>\n\n\n\n<p>Durante a cerim\u00f4nia, que ser\u00e1 transmitida pelas redes sociais do prefeito, os secret\u00e1rios assinam simbolicamente os termos de posse e, em seguida, recebem digitalmente os dados referentes \u00e0s suas pastas organizados pela equipe de transi\u00e7\u00e3o. <\/p>\n\n\n\n<p>Novo secretariado municipal<\/p>\n\n\n\n<p><em>Secret\u00e1rio-Chefe de Gabinete do Prefeito:<\/em><br>Elp\u00eddio Moreira<\/p>\n\n\n\n<p><em>Secret\u00e1rio de Governo:<\/em><br>Renato Lima<\/p>\n\n\n\n<p><em>Superintendente do Instituto de Planejamento Urbano de Fortaleza (Iplanfor):<\/em><br>Vice-prefeito \u00c9lcio Batista<\/p>\n\n\n\n<p><em>Secret\u00e1ria-Chefe da Controladoria e Ouvidoria Geral do Munic\u00edpio:<\/em><br>Christina Machado<\/p>\n\n\n\n<p><em>Procurador-Geral Munic\u00edpio:<\/em><br>Fernando Oliveira<\/p>\n\n\n\n<p><em>Secret\u00e1ria das Finan\u00e7as:<\/em><br>Fl\u00e1via Teixeira<\/p>\n\n\n\n<p><em>Secret\u00e1rio de Planejamento, Or\u00e7amento e Gest\u00e3o:<\/em><br>Marcelo Pinheiro<\/p>\n\n\n\n<p><em>Secret\u00e1rio da Seguran\u00e7a de Cidad\u00e3:<\/em><br>Coronel Eduardo Holanda<\/p>\n\n\n\n<p><em>Secret\u00e1ria da Educa\u00e7\u00e3o:<\/em><br>Dalila Saldanha<\/p>\n\n\n\n<p><em>Secret\u00e1ria da Sa\u00fade:<\/em><br>Ana Estela Leite<\/p>\n\n\n\n<p><em>Secret\u00e1rio da Infraestrutura:<\/em><br>Samuel Dias<\/p>\n\n\n\n<p><em>Secret\u00e1rio de Conserva\u00e7\u00e3o e Servi\u00e7os P\u00fablicos:<\/em><br>Ferruccio Feitosa<\/p>\n\n\n\n<p><em>Secret\u00e1rio do Esporte e Lazer:<\/em><br>Ozires Pontes<\/p>\n\n\n\n<p><em>Secret\u00e1ria do Urbanismo e Meio Ambiente:<\/em><br>Luciana Lobo<\/p>\n\n\n\n<p><em>Secret\u00e1rio do Turismo:<\/em><br>Alexandre Pereira<\/p>\n\n\n\n<p><em>Secret\u00e1rio dos Direitos Humanos e Desenvolvimento Social:<\/em><br>Cl\u00e1udio Pinho<\/p>\n\n\n\n<p><em>Secret\u00e1rio da Cultura:<\/em><br>Elp\u00eddio Nogueira<\/p>\n\n\n\n<p><em>Secret\u00e1rio do Desenvolvimento Econ\u00f4mico:<\/em><br>Rodrigo Nogueira<\/p>\n\n\n\n<p><em>Secret\u00e1rio do Desenvolvimento Habitacional:<\/em><br>Adail Fontenele<\/p>\n\n\n\n<p><em>Secret\u00e1rio da Gest\u00e3o Regional:<\/em><br>Jo\u00e3o Pupo<\/p>\n\n\n\n<p><em>Coordenadora Especial de Programas Integrados:<\/em><br>Manuela Nogueira<\/p>\n\n\n\n<p><em>Coordenador Especial de Articula\u00e7\u00e3o Pol\u00edtica:<\/em><br>Esio Feitosa<\/p>\n\n\n\n<figure class=\"wp-block-image size-large\"><img loading=\"lazy\" decoding=\"async\" width=\"1024\" height=\"602\" src=\"https:\/\/blogdorogeriogomes.com.br\/wp-content\/uploads\/2021\/01\/0101-Posse-Sarto-IMG_3985-1-1024x602.jpg\" alt=\"\" class=\"wp-image-19621\" srcset=\"https:\/\/blogdorogeriogomes.com.br\/noticias\/wp-content\/uploads\/2021\/01\/0101-Posse-Sarto-IMG_3985-1-1024x602.jpg 1024w, https:\/\/blogdorogeriogomes.com.br\/noticias\/wp-content\/uploads\/2021\/01\/0101-Posse-Sarto-IMG_3985-1-300x176.jpg 300w, https:\/\/blogdorogeriogomes.com.br\/noticias\/wp-content\/uploads\/2021\/01\/0101-Posse-Sarto-IMG_3985-1-768x451.jpg 768w, https:\/\/blogdorogeriogomes.com.br\/noticias\/wp-content\/uploads\/2021\/01\/0101-Posse-Sarto-IMG_3985-1-1536x902.jpg 1536w, https:\/\/blogdorogeriogomes.com.br\/noticias\/wp-content\/uploads\/2021\/01\/0101-Posse-Sarto-IMG_3985-1-800x470.jpg 800w, https:\/\/blogdorogeriogomes.com.br\/noticias\/wp-content\/uploads\/2021\/01\/0101-Posse-Sarto-IMG_3985-1.jpg 2000w\" sizes=\"auto, (max-width: 1024px) 100vw, 1024px\" \/><\/figure>\n","protected":false},"excerpt":{"rendered":"<p>Ap\u00f3s ser empossado pela C\u00e2mara Municipal na \u00faltima sexta-feira, dia 1\u00b0 de janeiro, o prefeito de Fortaleza, Jos\u00e9 Sarto (PDT), dar\u00e1 posse ao novo secretariado durante solenidade virtual, nesta segunda-feira, dia 4. Entre os nomes que tomam posse, est\u00e1 o do vice-prefeito \u00c9lcio Batista (PSB) como superintendente do Instituto de Planejamento Urbano de Fortaleza (Iplanfor). Durante a cerim\u00f4nia, que ser\u00e1 transmitida pelas redes sociais do prefeito, os secret\u00e1rios assinam simbolicamente os termos de posse e, em seguida, recebem digitalmente&hellip;<\/p>\n","protected":false},"author":1,"featured_media":19621,"comment_status":"open","ping_status":"open","sticky":false,"template":"","format":"standard","meta":{"footnotes":""},"categories":[1],"tags":[],"class_list":["post-19620","post","type-post","status-publish","format-standard","has-post-thumbnail","hentry","category-noticias"],"_links":{"self":[{"href":"https:\/\/blogdorogeriogomes.com.br\/noticias\/wp-json\/wp\/v2\/posts\/19620","targetHints":{"allow":["GET"]}}],"collection":[{"href":"https:\/\/blogdorogeriogomes.com.br\/noticias\/wp-json\/wp\/v2\/posts"}],"about":[{"href":"https:\/\/blogdorogeriogomes.com.br\/noticias\/wp-json\/wp\/v2\/types\/post"}],"author":[{"embeddable":true,"href":"https:\/\/blogdorogeriogomes.com.br\/noticias\/wp-json\/wp\/v2\/users\/1"}],"replies":[{"embeddable":true,"href":"https:\/\/blogdorogeriogomes.com.br\/noticias\/wp-json\/wp\/v2\/comments?post=19620"}],"version-history":[{"count":1,"href":"https:\/\/blogdorogeriogomes.com.br\/noticias\/wp-json\/wp\/v2\/posts\/19620\/revisions"}],"predecessor-version":[{"id":19622,"href":"https:\/\/blogdorogeriogomes.com.br\/noticias\/wp-json\/wp\/v2\/posts\/19620\/revisions\/19622"}],"wp:featuredmedia":[{"embeddable":true,"href":"https:\/\/blogdorogeriogomes.com.br\/noticias\/wp-json\/wp\/v2\/media\/19621"}],"wp:attachment":[{"href":"https:\/\/blogdorogeriogomes.com.br\/noticias\/wp-json\/wp\/v2\/media?parent=19620"}],"wp:term":[{"taxonomy":"category","embeddable":true,"href":"https:\/\/blogdorogeriogomes.com.br\/noticias\/wp-json\/wp\/v2\/categories?post=19620"},{"taxonomy":"post_tag","embeddable":true,"href":"https:\/\/blogdorogeriogomes.com.br\/noticias\/wp-json\/wp\/v2\/tags?post=19620"}],"curies":[{"name":"wp","href":"https:\/\/api.w.org\/{rel}","templated":true}]}}