{"id":19623,"date":"2021-01-04T09:32:04","date_gmt":"2021-01-04T09:32:04","guid":{"rendered":"https:\/\/blogdorogeriogomes.com.br\/?p=19623"},"modified":"2021-01-04T10:19:58","modified_gmt":"2021-01-04T10:19:58","slug":"medidas-restritivas-de-combate-a-pandemia-no-ceara-sao-prorrogados-ate-o-dia-10-de-janeiro","status":"publish","type":"post","link":"https:\/\/blogdorogeriogomes.com.br\/noticias\/2021\/01\/medidas-restritivas-de-combate-a-pandemia-no-ceara-sao-prorrogados-ate-o-dia-10-de-janeiro\/","title":{"rendered":"Medidas restritivas de combate \u00e0 pandemia no Cear\u00e1 s\u00e3o prorrogadas at\u00e9 o dia 10 de janeiro"},"content":{"rendered":"\n<p>As festas de Natal e R\u00e9veillon no Cear\u00e1 foram marcadas por muitas restri\u00e7\u00f5es devido ao avan\u00e7o nos casos da Covid-19. Mesmo assim, houve registro de desrespeito com a realiza\u00e7\u00e3o de algumas festas e autua\u00e7\u00e3o de estabelecimentos por causa do descumprimento das normas sanit\u00e1rias. Assim, o governador Camilo Santana anunciou em suas redes sociais a prorroga\u00e7\u00e3o do decreto do Comit\u00ea Estadual de Enfrentamento \u00e0 Pandemia do Coronav\u00edrus que define o hor\u00e1rio de funcionamento do com\u00e9rcio em todo o Cear\u00e1 e que veda festas, shows, eventos sociais e corporativos no fim do ano, que teria validade at\u00e9 esta segunda-feira, dia 4 de janeiro, e segue agora at\u00e9 o pr\u00f3ximo dia 10 de janeiro.<\/p>\n\n\n\n<p>Tamb\u00e9m foi prorrogada, at\u00e9 o pr\u00f3ximo dia 10, a validade do decreto de Isolamento Social. O comit\u00ea cient\u00edfico e o comit\u00ea estadual v\u00e3o acompanhar, ao longo desta semana, a evolu\u00e7\u00e3o do n\u00famero de casos, interna\u00e7\u00f5es e a ocupa\u00e7\u00e3o dos leitos de UTI em todo o Cear\u00e1.<\/p>\n\n\n\n<p>De acordo com a Secretaria de Sa\u00fade do Estado, o Cear\u00e1 chegou a&nbsp;336.763&nbsp;casos confirmados de Covid-19 e&nbsp;10.024<strong>&nbsp;<\/strong>\u00f3bitos provocados pela doen\u00e7a. N\u00e3o houve morte nas \u00faltimas 24 horas. No Brasil, s\u00e3o 196.029 \u00f3bitos e 7.732.071 casos confirmados.<\/p>\n\n\n\n\n\n<figure class=\"wp-block-image size-large\"><img loading=\"lazy\" decoding=\"async\" width=\"1024\" height=\"768\" src=\"https:\/\/blogdorogeriogomes.com.br\/wp-content\/uploads\/2021\/01\/Lounge-bar-na-Praia-do-Futuro-e-interditado-pela-segunda-vez-seguida-1024x768.jpeg\" alt=\"\" class=\"wp-image-19624\" srcset=\"https:\/\/blogdorogeriogomes.com.br\/noticias\/wp-content\/uploads\/2021\/01\/Lounge-bar-na-Praia-do-Futuro-e-interditado-pela-segunda-vez-seguida-1024x768.jpeg 1024w, https:\/\/blogdorogeriogomes.com.br\/noticias\/wp-content\/uploads\/2021\/01\/Lounge-bar-na-Praia-do-Futuro-e-interditado-pela-segunda-vez-seguida-300x225.jpeg 300w, https:\/\/blogdorogeriogomes.com.br\/noticias\/wp-content\/uploads\/2021\/01\/Lounge-bar-na-Praia-do-Futuro-e-interditado-pela-segunda-vez-seguida-768x576.jpeg 768w, https:\/\/blogdorogeriogomes.com.br\/noticias\/wp-content\/uploads\/2021\/01\/Lounge-bar-na-Praia-do-Futuro-e-interditado-pela-segunda-vez-seguida-800x600.jpeg 800w, https:\/\/blogdorogeriogomes.com.br\/noticias\/wp-content\/uploads\/2021\/01\/Lounge-bar-na-Praia-do-Futuro-e-interditado-pela-segunda-vez-seguida-400x300.jpeg 400w, https:\/\/blogdorogeriogomes.com.br\/noticias\/wp-content\/uploads\/2021\/01\/Lounge-bar-na-Praia-do-Futuro-e-interditado-pela-segunda-vez-seguida.jpeg 1280w\" sizes=\"auto, (max-width: 1024px) 100vw, 1024px\" \/><\/figure>\n\n\n\n<p><\/p>\n","protected":false},"excerpt":{"rendered":"<p>As festas de Natal e R\u00e9veillon no Cear\u00e1 foram marcadas por muitas restri\u00e7\u00f5es devido ao avan\u00e7o nos casos da Covid-19. Mesmo assim, houve registro de desrespeito com a realiza\u00e7\u00e3o de algumas festas e autua\u00e7\u00e3o de estabelecimentos por causa do descumprimento das normas sanit\u00e1rias. Assim, o governador Camilo Santana anunciou em suas redes sociais a prorroga\u00e7\u00e3o do decreto do Comit\u00ea Estadual de Enfrentamento \u00e0 Pandemia do Coronav\u00edrus que define o hor\u00e1rio de funcionamento do com\u00e9rcio em todo o Cear\u00e1 e&hellip;<\/p>\n","protected":false},"author":1,"featured_media":19624,"comment_status":"open","ping_status":"open","sticky":false,"template":"","format":"standard","meta":{"footnotes":""},"categories":[1],"tags":[],"class_list":["post-19623","post","type-post","status-publish","format-standard","has-post-thumbnail","hentry","category-noticias"],"_links":{"self":[{"href":"https:\/\/blogdorogeriogomes.com.br\/noticias\/wp-json\/wp\/v2\/posts\/19623","targetHints":{"allow":["GET"]}}],"collection":[{"href":"https:\/\/blogdorogeriogomes.com.br\/noticias\/wp-json\/wp\/v2\/posts"}],"about":[{"href":"https:\/\/blogdorogeriogomes.com.br\/noticias\/wp-json\/wp\/v2\/types\/post"}],"author":[{"embeddable":true,"href":"https:\/\/blogdorogeriogomes.com.br\/noticias\/wp-json\/wp\/v2\/users\/1"}],"replies":[{"embeddable":true,"href":"https:\/\/blogdorogeriogomes.com.br\/noticias\/wp-json\/wp\/v2\/comments?post=19623"}],"version-history":[{"count":2,"href":"https:\/\/blogdorogeriogomes.com.br\/noticias\/wp-json\/wp\/v2\/posts\/19623\/revisions"}],"predecessor-version":[{"id":19626,"href":"https:\/\/blogdorogeriogomes.com.br\/noticias\/wp-json\/wp\/v2\/posts\/19623\/revisions\/19626"}],"wp:featuredmedia":[{"embeddable":true,"href":"https:\/\/blogdorogeriogomes.com.br\/noticias\/wp-json\/wp\/v2\/media\/19624"}],"wp:attachment":[{"href":"https:\/\/blogdorogeriogomes.com.br\/noticias\/wp-json\/wp\/v2\/media?parent=19623"}],"wp:term":[{"taxonomy":"category","embeddable":true,"href":"https:\/\/blogdorogeriogomes.com.br\/noticias\/wp-json\/wp\/v2\/categories?post=19623"},{"taxonomy":"post_tag","embeddable":true,"href":"https:\/\/blogdorogeriogomes.com.br\/noticias\/wp-json\/wp\/v2\/tags?post=19623"}],"curies":[{"name":"wp","href":"https:\/\/api.w.org\/{rel}","templated":true}]}}