{"id":19638,"date":"2021-01-04T19:24:06","date_gmt":"2021-01-04T19:24:06","guid":{"rendered":"https:\/\/blogdorogeriogomes.com.br\/?p=19638"},"modified":"2021-01-05T16:06:45","modified_gmt":"2021-01-05T16:06:45","slug":"exercito-comunica-suspensao-do-trabalho-de-carro-pipa-no-interior-do-ceara-por-falta-de-repasse-de-recursos-pelo-governo-federal","status":"publish","type":"post","link":"https:\/\/blogdorogeriogomes.com.br\/noticias\/2021\/01\/exercito-comunica-suspensao-do-trabalho-de-carro-pipa-no-interior-do-ceara-por-falta-de-repasse-de-recursos-pelo-governo-federal\/","title":{"rendered":"Ex\u00e9rcito comunica suspens\u00e3o do trabalho de carro-pipa no interior do Cear\u00e1 por falta de repasse de recursos pelo Governo Federal"},"content":{"rendered":"\n<p>O Ex\u00e9rcito comunicou a suspens\u00e3o de servi\u00e7os da Opera\u00e7\u00e3o Carro-Pipa, que leva \u00e1gua at\u00e9 cisternas de resid\u00eancias e comunidades carentes do interior do Cear\u00e1, devido a falta de repasse de recursos pelo Governo Federal, atrav\u00e9s do Minist\u00e9rio do Desenvolvimento Regional. Cerca de 170 caminh\u00f5es-pipa e 50 mil fam\u00edlias foram afetados com a medida de suspens\u00e3o no abastecimento nas \u00e1reas que mais sofrem com a seca no Cear\u00e1: Sert\u00e3o de Crate\u00fas, Inhamuns e Cariri Oeste.<\/p>\n\n\n\n<p>As chuvas que ca\u00edram no Cear\u00e1, em dezembro passado e neste in\u00edcio de janeiro, ainda n\u00e3o representaram mudan\u00e7a no cen\u00e1rio de seca. Dos 155 a\u00e7udes monitorados pelo Governo do Estado, 65 t\u00eam menos de 30% da capacidade m\u00e1xima. O a\u00e7ude Castanh\u00e3o, em Alto Santo, que \u00e9 o maior do Cear\u00e1, tem apenas 11% da sua capacidade.<\/p>\n\n\n\n<figure class=\"wp-block-image size-large\"><img loading=\"lazy\" decoding=\"async\" width=\"739\" height=\"415\" src=\"https:\/\/blogdorogeriogomes.com.br\/wp-content\/uploads\/2021\/01\/images.jpeg\" alt=\"\" class=\"wp-image-19639\" srcset=\"https:\/\/blogdorogeriogomes.com.br\/noticias\/wp-content\/uploads\/2021\/01\/images.jpeg 739w, https:\/\/blogdorogeriogomes.com.br\/noticias\/wp-content\/uploads\/2021\/01\/images-300x168.jpeg 300w\" sizes=\"auto, (max-width: 739px) 100vw, 739px\" \/><\/figure>\n","protected":false},"excerpt":{"rendered":"<p>O Ex\u00e9rcito comunicou a suspens\u00e3o de servi\u00e7os da Opera\u00e7\u00e3o Carro-Pipa, que leva \u00e1gua at\u00e9 cisternas de resid\u00eancias e comunidades carentes do interior do Cear\u00e1, devido a falta de repasse de recursos pelo Governo Federal, atrav\u00e9s do Minist\u00e9rio do Desenvolvimento Regional. Cerca de 170 caminh\u00f5es-pipa e 50 mil fam\u00edlias foram afetados com a medida de suspens\u00e3o no abastecimento nas \u00e1reas que mais sofrem com a seca no Cear\u00e1: Sert\u00e3o de Crate\u00fas, Inhamuns e Cariri Oeste. As chuvas que ca\u00edram no&hellip;<\/p>\n","protected":false},"author":1,"featured_media":19639,"comment_status":"open","ping_status":"open","sticky":false,"template":"","format":"standard","meta":{"footnotes":""},"categories":[1],"tags":[],"class_list":["post-19638","post","type-post","status-publish","format-standard","has-post-thumbnail","hentry","category-noticias"],"_links":{"self":[{"href":"https:\/\/blogdorogeriogomes.com.br\/noticias\/wp-json\/wp\/v2\/posts\/19638","targetHints":{"allow":["GET"]}}],"collection":[{"href":"https:\/\/blogdorogeriogomes.com.br\/noticias\/wp-json\/wp\/v2\/posts"}],"about":[{"href":"https:\/\/blogdorogeriogomes.com.br\/noticias\/wp-json\/wp\/v2\/types\/post"}],"author":[{"embeddable":true,"href":"https:\/\/blogdorogeriogomes.com.br\/noticias\/wp-json\/wp\/v2\/users\/1"}],"replies":[{"embeddable":true,"href":"https:\/\/blogdorogeriogomes.com.br\/noticias\/wp-json\/wp\/v2\/comments?post=19638"}],"version-history":[{"count":1,"href":"https:\/\/blogdorogeriogomes.com.br\/noticias\/wp-json\/wp\/v2\/posts\/19638\/revisions"}],"predecessor-version":[{"id":19640,"href":"https:\/\/blogdorogeriogomes.com.br\/noticias\/wp-json\/wp\/v2\/posts\/19638\/revisions\/19640"}],"wp:featuredmedia":[{"embeddable":true,"href":"https:\/\/blogdorogeriogomes.com.br\/noticias\/wp-json\/wp\/v2\/media\/19639"}],"wp:attachment":[{"href":"https:\/\/blogdorogeriogomes.com.br\/noticias\/wp-json\/wp\/v2\/media?parent=19638"}],"wp:term":[{"taxonomy":"category","embeddable":true,"href":"https:\/\/blogdorogeriogomes.com.br\/noticias\/wp-json\/wp\/v2\/categories?post=19638"},{"taxonomy":"post_tag","embeddable":true,"href":"https:\/\/blogdorogeriogomes.com.br\/noticias\/wp-json\/wp\/v2\/tags?post=19638"}],"curies":[{"name":"wp","href":"https:\/\/api.w.org\/{rel}","templated":true}]}}