{"id":19646,"date":"2021-01-04T23:20:18","date_gmt":"2021-01-04T23:20:18","guid":{"rendered":"https:\/\/blogdorogeriogomes.com.br\/?p=19646"},"modified":"2021-01-05T16:06:33","modified_gmt":"2021-01-05T16:06:33","slug":"alunos-da-rede-publica-estadual-entram-na-fase-final-de-preparacao-para-enem-em-janeiro","status":"publish","type":"post","link":"https:\/\/blogdorogeriogomes.com.br\/noticias\/2021\/01\/alunos-da-rede-publica-estadual-entram-na-fase-final-de-preparacao-para-enem-em-janeiro\/","title":{"rendered":"Alunos da rede p\u00fablica estadual entram na fase final de prepara\u00e7\u00e3o para Enem em janeiro"},"content":{"rendered":"\n<p>O cart\u00e3o de confirma\u00e7\u00e3o do Exame Nacional do Ensino M\u00e9dio (Enem) ser\u00e1 divulgado pelo Instituto Nacional de Estudos e Pesquisas Educacionais An\u00edsio Teixeira (Inep) nesta ter\u00e7a-feira, dia 5 de janeiro. O documento cont\u00e9m informa\u00e7\u00f5es sobre o local de prova de cada candidato, sobre pedidos de atendimento especializado e op\u00e7\u00e3o de l\u00edngua estrangeira.<\/p>\n\n\n\n<p>No Cear\u00e1, uma portaria da Secretaria de Educa\u00e7\u00e3o do Estado autorizou o retorno presencial de atividades de ensino extracurriculares em 34 escolas p\u00fablicas, o que inclui os exerc\u00edcios preparat\u00f3rios para o Enem. Em Fortaleza, h\u00e1 tr\u00eas unidades funcionando presencialmente nos bairros Varjota, Sapiranga e Vicente Pinz\u00f3n.&nbsp;<\/p>\n\n\n\n<p>A aplica\u00e7\u00e3o do Exame Nacional do Ensino M\u00e9dio (Enem) vai ocorrer nos dias 17 e 24 de janeiro. Alunos de todo o Pa\u00eds entram na fase final de prepara\u00e7\u00e3o.<\/p>\n\n\n\n<figure class=\"wp-block-image size-large\"><img loading=\"lazy\" decoding=\"async\" width=\"682\" height=\"449\" src=\"https:\/\/blogdorogeriogomes.com.br\/wp-content\/uploads\/2021\/01\/images-1.jpeg\" alt=\"\" class=\"wp-image-19647\" srcset=\"https:\/\/blogdorogeriogomes.com.br\/noticias\/wp-content\/uploads\/2021\/01\/images-1.jpeg 682w, https:\/\/blogdorogeriogomes.com.br\/noticias\/wp-content\/uploads\/2021\/01\/images-1-300x198.jpeg 300w\" sizes=\"auto, (max-width: 682px) 100vw, 682px\" \/><\/figure>\n","protected":false},"excerpt":{"rendered":"<p>O cart\u00e3o de confirma\u00e7\u00e3o do Exame Nacional do Ensino M\u00e9dio (Enem) ser\u00e1 divulgado pelo Instituto Nacional de Estudos e Pesquisas Educacionais An\u00edsio Teixeira (Inep) nesta ter\u00e7a-feira, dia 5 de janeiro. O documento cont\u00e9m informa\u00e7\u00f5es sobre o local de prova de cada candidato, sobre pedidos de atendimento especializado e op\u00e7\u00e3o de l\u00edngua estrangeira. No Cear\u00e1, uma portaria da Secretaria de Educa\u00e7\u00e3o do Estado autorizou o retorno presencial de atividades de ensino extracurriculares em 34 escolas p\u00fablicas, o que inclui os&hellip;<\/p>\n","protected":false},"author":1,"featured_media":19647,"comment_status":"open","ping_status":"open","sticky":false,"template":"","format":"standard","meta":{"footnotes":""},"categories":[1],"tags":[],"class_list":["post-19646","post","type-post","status-publish","format-standard","has-post-thumbnail","hentry","category-noticias"],"_links":{"self":[{"href":"https:\/\/blogdorogeriogomes.com.br\/noticias\/wp-json\/wp\/v2\/posts\/19646","targetHints":{"allow":["GET"]}}],"collection":[{"href":"https:\/\/blogdorogeriogomes.com.br\/noticias\/wp-json\/wp\/v2\/posts"}],"about":[{"href":"https:\/\/blogdorogeriogomes.com.br\/noticias\/wp-json\/wp\/v2\/types\/post"}],"author":[{"embeddable":true,"href":"https:\/\/blogdorogeriogomes.com.br\/noticias\/wp-json\/wp\/v2\/users\/1"}],"replies":[{"embeddable":true,"href":"https:\/\/blogdorogeriogomes.com.br\/noticias\/wp-json\/wp\/v2\/comments?post=19646"}],"version-history":[{"count":1,"href":"https:\/\/blogdorogeriogomes.com.br\/noticias\/wp-json\/wp\/v2\/posts\/19646\/revisions"}],"predecessor-version":[{"id":19648,"href":"https:\/\/blogdorogeriogomes.com.br\/noticias\/wp-json\/wp\/v2\/posts\/19646\/revisions\/19648"}],"wp:featuredmedia":[{"embeddable":true,"href":"https:\/\/blogdorogeriogomes.com.br\/noticias\/wp-json\/wp\/v2\/media\/19647"}],"wp:attachment":[{"href":"https:\/\/blogdorogeriogomes.com.br\/noticias\/wp-json\/wp\/v2\/media?parent=19646"}],"wp:term":[{"taxonomy":"category","embeddable":true,"href":"https:\/\/blogdorogeriogomes.com.br\/noticias\/wp-json\/wp\/v2\/categories?post=19646"},{"taxonomy":"post_tag","embeddable":true,"href":"https:\/\/blogdorogeriogomes.com.br\/noticias\/wp-json\/wp\/v2\/tags?post=19646"}],"curies":[{"name":"wp","href":"https:\/\/api.w.org\/{rel}","templated":true}]}}