{"id":19649,"date":"2021-01-05T09:19:37","date_gmt":"2021-01-05T09:19:37","guid":{"rendered":"https:\/\/blogdorogeriogomes.com.br\/?p=19649"},"modified":"2021-01-05T16:06:14","modified_gmt":"2021-01-05T16:06:14","slug":"pedido-de-uso-emergencial-da-coronavac-a-anvisa-sera-feito-nesta-quinta-feira-pelo-butantan","status":"publish","type":"post","link":"https:\/\/blogdorogeriogomes.com.br\/noticias\/2021\/01\/pedido-de-uso-emergencial-da-coronavac-a-anvisa-sera-feito-nesta-quinta-feira-pelo-butantan\/","title":{"rendered":"Pedido de uso emergencial da CoronaVac \u00e0 Anvisa ser\u00e1 feito nesta quinta-feira pelo Butantan"},"content":{"rendered":"\n<p>Diante da lentid\u00e3o do Minist\u00e9rio da Sa\u00fade em definir que vacina contra a Covid-19 ir\u00e1 utilizar no Brasil, o governo do Estado de S\u00e3o Paulo,vem parceria com o Instituto Butantan, vai pedir a autoriza\u00e7\u00e3o para o uso emergencial da CoronaVac, nesta quinta-feira, dia 7 de janeiro, \u00e0 Anvisa (Ag\u00eancia Nacional de Vigil\u00e2ncia Sanit\u00e1ria). A meta continua sendo iniciar a vacina\u00e7\u00e3o do grupo priorit\u00e1rio a partir de 25 de janeiro. Em conflito pol\u00edtico com o presidente Jair Bolsonaro, o governador Jo\u00e3o D\u00f3ria promete at\u00e9 ir \u00e0 Justi\u00e7a caso a Anvisa venha a negar o uso da CoronaVac.<\/p>\n\n\n\n<p>A iniciativa privada tamb\u00e9m se movimenta para adquirir a vacina. A Associa\u00e7\u00e3o Brasileira das Cl\u00ednicas de Vacinas, que est\u00e1 negociando a compra de doses da Covaxin, vacina contra a Covid-19 desenvolvida na \u00cdndia pela empresa farmac\u00eautica Bharat Biotech, acredita que o momento \u00e9 de priorizar o atendimento na rede p\u00fablica. S\u00f3 depois o imunizante ser\u00e1 disponibilizado na rede privada. Tr\u00eas cl\u00ednicas cearenses participam das negocia\u00e7\u00f5es para comprar a vacina da \u00cdndia.<\/p>\n\n\n\n<figure class=\"wp-block-image size-large\"><img loading=\"lazy\" decoding=\"async\" width=\"460\" height=\"305\" src=\"https:\/\/blogdorogeriogomes.com.br\/wp-content\/uploads\/2021\/01\/images-2.jpeg\" alt=\"\" class=\"wp-image-19650\" srcset=\"https:\/\/blogdorogeriogomes.com.br\/noticias\/wp-content\/uploads\/2021\/01\/images-2.jpeg 460w, https:\/\/blogdorogeriogomes.com.br\/noticias\/wp-content\/uploads\/2021\/01\/images-2-300x199.jpeg 300w\" sizes=\"auto, (max-width: 460px) 100vw, 460px\" \/><\/figure>\n","protected":false},"excerpt":{"rendered":"<p>Diante da lentid\u00e3o do Minist\u00e9rio da Sa\u00fade em definir que vacina contra a Covid-19 ir\u00e1 utilizar no Brasil, o governo do Estado de S\u00e3o Paulo,vem parceria com o Instituto Butantan, vai pedir a autoriza\u00e7\u00e3o para o uso emergencial da CoronaVac, nesta quinta-feira, dia 7 de janeiro, \u00e0 Anvisa (Ag\u00eancia Nacional de Vigil\u00e2ncia Sanit\u00e1ria). A meta continua sendo iniciar a vacina\u00e7\u00e3o do grupo priorit\u00e1rio a partir de 25 de janeiro. Em conflito pol\u00edtico com o presidente Jair Bolsonaro, o governador&hellip;<\/p>\n","protected":false},"author":1,"featured_media":19650,"comment_status":"open","ping_status":"open","sticky":false,"template":"","format":"standard","meta":{"footnotes":""},"categories":[1],"tags":[],"class_list":["post-19649","post","type-post","status-publish","format-standard","has-post-thumbnail","hentry","category-noticias"],"_links":{"self":[{"href":"https:\/\/blogdorogeriogomes.com.br\/noticias\/wp-json\/wp\/v2\/posts\/19649","targetHints":{"allow":["GET"]}}],"collection":[{"href":"https:\/\/blogdorogeriogomes.com.br\/noticias\/wp-json\/wp\/v2\/posts"}],"about":[{"href":"https:\/\/blogdorogeriogomes.com.br\/noticias\/wp-json\/wp\/v2\/types\/post"}],"author":[{"embeddable":true,"href":"https:\/\/blogdorogeriogomes.com.br\/noticias\/wp-json\/wp\/v2\/users\/1"}],"replies":[{"embeddable":true,"href":"https:\/\/blogdorogeriogomes.com.br\/noticias\/wp-json\/wp\/v2\/comments?post=19649"}],"version-history":[{"count":1,"href":"https:\/\/blogdorogeriogomes.com.br\/noticias\/wp-json\/wp\/v2\/posts\/19649\/revisions"}],"predecessor-version":[{"id":19651,"href":"https:\/\/blogdorogeriogomes.com.br\/noticias\/wp-json\/wp\/v2\/posts\/19649\/revisions\/19651"}],"wp:featuredmedia":[{"embeddable":true,"href":"https:\/\/blogdorogeriogomes.com.br\/noticias\/wp-json\/wp\/v2\/media\/19650"}],"wp:attachment":[{"href":"https:\/\/blogdorogeriogomes.com.br\/noticias\/wp-json\/wp\/v2\/media?parent=19649"}],"wp:term":[{"taxonomy":"category","embeddable":true,"href":"https:\/\/blogdorogeriogomes.com.br\/noticias\/wp-json\/wp\/v2\/categories?post=19649"},{"taxonomy":"post_tag","embeddable":true,"href":"https:\/\/blogdorogeriogomes.com.br\/noticias\/wp-json\/wp\/v2\/tags?post=19649"}],"curies":[{"name":"wp","href":"https:\/\/api.w.org\/{rel}","templated":true}]}}