{"id":19652,"date":"2021-01-05T09:37:57","date_gmt":"2021-01-05T09:37:57","guid":{"rendered":"https:\/\/blogdorogeriogomes.com.br\/?p=19652"},"modified":"2021-01-05T16:05:51","modified_gmt":"2021-01-05T16:05:51","slug":"novo-secretario-de-cultura-de-fortaleza-diz-estar-aberto-para-discutir-a-viabilidade-do-carnaval","status":"publish","type":"post","link":"https:\/\/blogdorogeriogomes.com.br\/noticias\/2021\/01\/novo-secretario-de-cultura-de-fortaleza-diz-estar-aberto-para-discutir-a-viabilidade-do-carnaval\/","title":{"rendered":"Novo secret\u00e1rio de Cultura de Fortaleza diz estar aberto para discutir a viabilidade do Carnaval"},"content":{"rendered":"\n<p>Ap\u00f3s tomar posse como novo secret\u00e1rio de Cultura de Fortaleza, nesta segunda-feira, dia 4 de janeiro, o vereador Elp\u00eddio Nogueira, que \u00e9 irm\u00e3o do prefeito Jos\u00e9 Sarto, realizou uma live onde se mostrou aberto para discutir a viabilidade do Ciclo Carnavalesco da Capital diante do atual cen\u00e1rio da Covid-19. <\/p>\n\n\n\n<p>Elp\u00eddio Nogueira promete realizar reuni\u00f5es nas pr\u00f3ximas semanas com os setores culturais que envolvem as festas carnavalescas para discutir ideias. As a\u00e7\u00f5es culturais seguem o que determina o decreto governamental sobre as normas sanit\u00e1rias da pandemia.<\/p>\n\n\n\n<p>&#8220;Tenho um tempo consider\u00e1vel de rela\u00e7\u00e3o com a cultura e vamos iniciar hoje o nosso mandato dando boas-vindas a todos voc\u00eas e dizer que o di\u00e1logo est\u00e1 aberto e que Fortaleza vai ter sim na sua agenda principal a cultura&#8221;, acrescentou o novo secret\u00e1rio de Cultura, Elp\u00eddio Nogueira. <\/p>\n\n\n\n<p>Com a posse de Elp\u00eddio Nogueira, que \u00e9 do PDT, na Secretaria de Cultura, o suplente Carlos Mesquita vai assumir o mandato de vereador na C\u00e2mara Municipal de Fortaleza.<\/p>\n\n\n\n<figure class=\"wp-block-image size-large\"><img loading=\"lazy\" decoding=\"async\" width=\"354\" height=\"248\" src=\"https:\/\/blogdorogeriogomes.com.br\/wp-content\/uploads\/2021\/01\/1_novo_secretario_cultura_fortaleza_elpidio_nogueira_opovo-145317872.jpeg\" alt=\"\" class=\"wp-image-19653\" srcset=\"https:\/\/blogdorogeriogomes.com.br\/noticias\/wp-content\/uploads\/2021\/01\/1_novo_secretario_cultura_fortaleza_elpidio_nogueira_opovo-145317872.jpeg 354w, https:\/\/blogdorogeriogomes.com.br\/noticias\/wp-content\/uploads\/2021\/01\/1_novo_secretario_cultura_fortaleza_elpidio_nogueira_opovo-145317872-300x210.jpeg 300w\" sizes=\"auto, (max-width: 354px) 100vw, 354px\" \/><\/figure>\n","protected":false},"excerpt":{"rendered":"<p>Ap\u00f3s tomar posse como novo secret\u00e1rio de Cultura de Fortaleza, nesta segunda-feira, dia 4 de janeiro, o vereador Elp\u00eddio Nogueira, que \u00e9 irm\u00e3o do prefeito Jos\u00e9 Sarto, realizou uma live onde se mostrou aberto para discutir a viabilidade do Ciclo Carnavalesco da Capital diante do atual cen\u00e1rio da Covid-19. Elp\u00eddio Nogueira promete realizar reuni\u00f5es nas pr\u00f3ximas semanas com os setores culturais que envolvem as festas carnavalescas para discutir ideias. As a\u00e7\u00f5es culturais seguem o que determina o decreto governamental&hellip;<\/p>\n","protected":false},"author":1,"featured_media":19653,"comment_status":"open","ping_status":"open","sticky":false,"template":"","format":"standard","meta":{"footnotes":""},"categories":[1],"tags":[],"class_list":["post-19652","post","type-post","status-publish","format-standard","has-post-thumbnail","hentry","category-noticias"],"_links":{"self":[{"href":"https:\/\/blogdorogeriogomes.com.br\/noticias\/wp-json\/wp\/v2\/posts\/19652","targetHints":{"allow":["GET"]}}],"collection":[{"href":"https:\/\/blogdorogeriogomes.com.br\/noticias\/wp-json\/wp\/v2\/posts"}],"about":[{"href":"https:\/\/blogdorogeriogomes.com.br\/noticias\/wp-json\/wp\/v2\/types\/post"}],"author":[{"embeddable":true,"href":"https:\/\/blogdorogeriogomes.com.br\/noticias\/wp-json\/wp\/v2\/users\/1"}],"replies":[{"embeddable":true,"href":"https:\/\/blogdorogeriogomes.com.br\/noticias\/wp-json\/wp\/v2\/comments?post=19652"}],"version-history":[{"count":1,"href":"https:\/\/blogdorogeriogomes.com.br\/noticias\/wp-json\/wp\/v2\/posts\/19652\/revisions"}],"predecessor-version":[{"id":19654,"href":"https:\/\/blogdorogeriogomes.com.br\/noticias\/wp-json\/wp\/v2\/posts\/19652\/revisions\/19654"}],"wp:featuredmedia":[{"embeddable":true,"href":"https:\/\/blogdorogeriogomes.com.br\/noticias\/wp-json\/wp\/v2\/media\/19653"}],"wp:attachment":[{"href":"https:\/\/blogdorogeriogomes.com.br\/noticias\/wp-json\/wp\/v2\/media?parent=19652"}],"wp:term":[{"taxonomy":"category","embeddable":true,"href":"https:\/\/blogdorogeriogomes.com.br\/noticias\/wp-json\/wp\/v2\/categories?post=19652"},{"taxonomy":"post_tag","embeddable":true,"href":"https:\/\/blogdorogeriogomes.com.br\/noticias\/wp-json\/wp\/v2\/tags?post=19652"}],"curies":[{"name":"wp","href":"https:\/\/api.w.org\/{rel}","templated":true}]}}