{"id":19657,"date":"2021-01-05T17:23:05","date_gmt":"2021-01-05T17:23:05","guid":{"rendered":"https:\/\/blogdorogeriogomes.com.br\/?p=19657"},"modified":"2021-01-06T13:54:47","modified_gmt":"2021-01-06T13:54:47","slug":"prefeitura-de-fortaleza-institui-grupo-de-trabalho-para-quadra-chuvosa-deste-ano","status":"publish","type":"post","link":"https:\/\/blogdorogeriogomes.com.br\/noticias\/2021\/01\/prefeitura-de-fortaleza-institui-grupo-de-trabalho-para-quadra-chuvosa-deste-ano\/","title":{"rendered":"Prefeitura de Fortaleza institui grupo de trabalho para quadra chuvosa deste ano"},"content":{"rendered":"\n<p>A quest\u00e3o das chuvas no Estado \u00e9 um dos primeiros pontos analisados pela gest\u00e3o de Sarto Nogueira (PDT) em Fortaleza. Com o secretariado municipal formado, a primeira reuni\u00e3o entre o prefeito e sua equipe no Pa\u00e7o Municipal teve dentre as delibera\u00e7\u00f5es a cria\u00e7\u00e3o de um grupo de trabalho destinado \u00e0 quadra chuvosa na Capital.<\/p>\n\n\n\n<p>O grupo conta com a participa\u00e7\u00e3o da Funda\u00e7\u00e3o Cearense de Meteorologia e Recursos H\u00eddricos (Funceme), Defesa Civil, secret\u00e1rios e equipes t\u00e9cnicas de \u00f3rg\u00e3os estaduais e municipais. As reuni\u00f5es espec\u00edficas come\u00e7aram na noite da \u00faltima segunda-feira, dia 4 de janeiro.<\/p>\n\n\n\n<p>Entre a manh\u00e3 de segunda-feira e a manh\u00e3 desta ter\u00e7a-feira, dia 5, pelo menos 42 munic\u00edpios cearenses registraram chuva, segundo dados da Funceme. As maiores chuvas foram identificadas em Cari\u00fas (20mm), Gra\u00e7\u00e7a (18mm) e S\u00e3o Gon\u00e7alo do Amarante (14mm). Neste in\u00edcio de manh\u00e3, Fortaleza apresentou cen\u00e1rio chuvoso.<\/p>\n\n\n\n<p>Para esta ter\u00e7a e quarta-feira, a Funceme prev\u00ea cen\u00e1rio semelhante ao j\u00e1 observado, com predom\u00ednio de nebulosidade vari\u00e1vel com possibilidade de chuva em todas as macrorregi\u00f5es. Novas an\u00e1lises ser\u00e3o realizadas \u00e0 tarde e nas manh\u00e3s dos pr\u00f3ximos dias.<\/p>\n\n\n\n<figure class=\"wp-block-image size-large\"><img loading=\"lazy\" decoding=\"async\" width=\"678\" height=\"452\" src=\"https:\/\/blogdorogeriogomes.com.br\/wp-content\/uploads\/2021\/01\/images-3.jpeg\" alt=\"\" class=\"wp-image-19658\" srcset=\"https:\/\/blogdorogeriogomes.com.br\/noticias\/wp-content\/uploads\/2021\/01\/images-3.jpeg 678w, https:\/\/blogdorogeriogomes.com.br\/noticias\/wp-content\/uploads\/2021\/01\/images-3-300x200.jpeg 300w\" sizes=\"auto, (max-width: 678px) 100vw, 678px\" \/><\/figure>\n","protected":false},"excerpt":{"rendered":"<p>A quest\u00e3o das chuvas no Estado \u00e9 um dos primeiros pontos analisados pela gest\u00e3o de Sarto Nogueira (PDT) em Fortaleza. Com o secretariado municipal formado, a primeira reuni\u00e3o entre o prefeito e sua equipe no Pa\u00e7o Municipal teve dentre as delibera\u00e7\u00f5es a cria\u00e7\u00e3o de um grupo de trabalho destinado \u00e0 quadra chuvosa na Capital. O grupo conta com a participa\u00e7\u00e3o da Funda\u00e7\u00e3o Cearense de Meteorologia e Recursos H\u00eddricos (Funceme), Defesa Civil, secret\u00e1rios e equipes t\u00e9cnicas de \u00f3rg\u00e3os estaduais e&hellip;<\/p>\n","protected":false},"author":1,"featured_media":19658,"comment_status":"open","ping_status":"open","sticky":false,"template":"","format":"standard","meta":{"footnotes":""},"categories":[1],"tags":[],"class_list":["post-19657","post","type-post","status-publish","format-standard","has-post-thumbnail","hentry","category-noticias"],"_links":{"self":[{"href":"https:\/\/blogdorogeriogomes.com.br\/noticias\/wp-json\/wp\/v2\/posts\/19657","targetHints":{"allow":["GET"]}}],"collection":[{"href":"https:\/\/blogdorogeriogomes.com.br\/noticias\/wp-json\/wp\/v2\/posts"}],"about":[{"href":"https:\/\/blogdorogeriogomes.com.br\/noticias\/wp-json\/wp\/v2\/types\/post"}],"author":[{"embeddable":true,"href":"https:\/\/blogdorogeriogomes.com.br\/noticias\/wp-json\/wp\/v2\/users\/1"}],"replies":[{"embeddable":true,"href":"https:\/\/blogdorogeriogomes.com.br\/noticias\/wp-json\/wp\/v2\/comments?post=19657"}],"version-history":[{"count":1,"href":"https:\/\/blogdorogeriogomes.com.br\/noticias\/wp-json\/wp\/v2\/posts\/19657\/revisions"}],"predecessor-version":[{"id":19659,"href":"https:\/\/blogdorogeriogomes.com.br\/noticias\/wp-json\/wp\/v2\/posts\/19657\/revisions\/19659"}],"wp:featuredmedia":[{"embeddable":true,"href":"https:\/\/blogdorogeriogomes.com.br\/noticias\/wp-json\/wp\/v2\/media\/19658"}],"wp:attachment":[{"href":"https:\/\/blogdorogeriogomes.com.br\/noticias\/wp-json\/wp\/v2\/media?parent=19657"}],"wp:term":[{"taxonomy":"category","embeddable":true,"href":"https:\/\/blogdorogeriogomes.com.br\/noticias\/wp-json\/wp\/v2\/categories?post=19657"},{"taxonomy":"post_tag","embeddable":true,"href":"https:\/\/blogdorogeriogomes.com.br\/noticias\/wp-json\/wp\/v2\/tags?post=19657"}],"curies":[{"name":"wp","href":"https:\/\/api.w.org\/{rel}","templated":true}]}}