{"id":19663,"date":"2021-01-05T20:56:01","date_gmt":"2021-01-05T20:56:01","guid":{"rendered":"https:\/\/blogdorogeriogomes.com.br\/?p=19663"},"modified":"2021-01-06T13:54:10","modified_gmt":"2021-01-06T13:54:10","slug":"governadores-cobram-mas-ministerio-da-saude-diz-que-brasil-ainda-nao-tem-data-para-iniciar-a-vacinacao-enquanto-isso-bolsonaro-diz-que-pais-esta-quebrado","status":"publish","type":"post","link":"https:\/\/blogdorogeriogomes.com.br\/noticias\/2021\/01\/governadores-cobram-mas-ministerio-da-saude-diz-que-brasil-ainda-nao-tem-data-para-iniciar-a-vacinacao-enquanto-isso-bolsonaro-diz-que-pais-esta-quebrado\/","title":{"rendered":"Governadores cobram, mas Minist\u00e9rio da Sa\u00fade diz que Brasil ainda n\u00e3o tem data para iniciar a vacina\u00e7\u00e3o. Enquanto isso, Bolsonaro diz que Pa\u00eds est\u00e1 &#8220;quebrado&#8221;"},"content":{"rendered":"\n<p>Alguns governadores se reuniram por teleconfer\u00eancia, nesta ter\u00e7a-feira, dia 5 de janeiro, com o secret\u00e1rio de Vigil\u00e2ncia do Minist\u00e9rio da Sa\u00fade, Arnaldo Medeiros, para cobrar um cronograma de vacina\u00e7\u00e3o contra a Covid-19 para todo o Pa\u00eds. S\u00e3o Paulo vem anunciando que come\u00e7a a vacinar em 25 de janeiro, mas em n\u00edvel de Brasil, o Minist\u00e9rio da Sa\u00fade n\u00e3o tem qualquer data. Apenas especula\u00e7\u00e3o.<\/p>\n\n\n\n<p>Sem resposta do Minist\u00e9rio, os governadores est\u00e3o propondo para a pr\u00f3xima segunda-feira, dia 11, uma agenda conjunta que envolva o Congresso Nacional e o Supremo Tribunal Federal para discutir com as fabricantes e a Anvisa um calend\u00e1rio nacional de vacina\u00e7\u00e3o. Afinal, o Brasil est\u00e1 ficando no fim da fila por uma vacina contra o coronav\u00edrus.<\/p>\n\n\n\n<p>Enquanto isso, o presidente Jair Bolsonaro prefere continuar &#8220;causando&#8221; para os seus aliados. Disse nesta ter\u00e7a-feira que &#8220;o Brasil est\u00e1 quebrado, e eu n\u00e3o consigo fazer nada&#8221;. Foge das responsabilidades enquanto presidente da Rep\u00fablica e opta em colocar a culpa da pandemia na m\u00eddia, apesar de estarmos chegando aos 200 mil mortos no Pa\u00eds pela Covid-19. &#8220;Essa m\u00eddia sem car\u00e1ter&#8221;, disse Bolsonaro.<\/p>\n\n\n\n<p>O mais interessante \u00e9 que o discurso de Bolsonaro destoa completamente do ministro da Economia, Paulo Guedes, que tenta convencer os brasileiros que a atividade econ\u00f4mica do pa\u00eds est\u00e1 em plena recupera\u00e7\u00e3o. &#8220;Est\u00e1 voltando em V&#8221;, afirmou. T\u00e1 dif\u00edcil de acreditar!<\/p>\n\n\n\n<figure class=\"wp-block-image size-large\"><img loading=\"lazy\" decoding=\"async\" width=\"678\" height=\"452\" src=\"https:\/\/blogdorogeriogomes.com.br\/wp-content\/uploads\/2021\/01\/images-5.jpeg\" alt=\"\" class=\"wp-image-19664\" srcset=\"https:\/\/blogdorogeriogomes.com.br\/noticias\/wp-content\/uploads\/2021\/01\/images-5.jpeg 678w, https:\/\/blogdorogeriogomes.com.br\/noticias\/wp-content\/uploads\/2021\/01\/images-5-300x200.jpeg 300w\" sizes=\"auto, (max-width: 678px) 100vw, 678px\" \/><\/figure>\n","protected":false},"excerpt":{"rendered":"<p>Alguns governadores se reuniram por teleconfer\u00eancia, nesta ter\u00e7a-feira, dia 5 de janeiro, com o secret\u00e1rio de Vigil\u00e2ncia do Minist\u00e9rio da Sa\u00fade, Arnaldo Medeiros, para cobrar um cronograma de vacina\u00e7\u00e3o contra a Covid-19 para todo o Pa\u00eds. S\u00e3o Paulo vem anunciando que come\u00e7a a vacinar em 25 de janeiro, mas em n\u00edvel de Brasil, o Minist\u00e9rio da Sa\u00fade n\u00e3o tem qualquer data. Apenas especula\u00e7\u00e3o. Sem resposta do Minist\u00e9rio, os governadores est\u00e3o propondo para a pr\u00f3xima segunda-feira, dia 11, uma agenda&hellip;<\/p>\n","protected":false},"author":1,"featured_media":19664,"comment_status":"open","ping_status":"open","sticky":false,"template":"","format":"standard","meta":{"footnotes":""},"categories":[1],"tags":[],"class_list":["post-19663","post","type-post","status-publish","format-standard","has-post-thumbnail","hentry","category-noticias"],"_links":{"self":[{"href":"https:\/\/blogdorogeriogomes.com.br\/noticias\/wp-json\/wp\/v2\/posts\/19663","targetHints":{"allow":["GET"]}}],"collection":[{"href":"https:\/\/blogdorogeriogomes.com.br\/noticias\/wp-json\/wp\/v2\/posts"}],"about":[{"href":"https:\/\/blogdorogeriogomes.com.br\/noticias\/wp-json\/wp\/v2\/types\/post"}],"author":[{"embeddable":true,"href":"https:\/\/blogdorogeriogomes.com.br\/noticias\/wp-json\/wp\/v2\/users\/1"}],"replies":[{"embeddable":true,"href":"https:\/\/blogdorogeriogomes.com.br\/noticias\/wp-json\/wp\/v2\/comments?post=19663"}],"version-history":[{"count":1,"href":"https:\/\/blogdorogeriogomes.com.br\/noticias\/wp-json\/wp\/v2\/posts\/19663\/revisions"}],"predecessor-version":[{"id":19665,"href":"https:\/\/blogdorogeriogomes.com.br\/noticias\/wp-json\/wp\/v2\/posts\/19663\/revisions\/19665"}],"wp:featuredmedia":[{"embeddable":true,"href":"https:\/\/blogdorogeriogomes.com.br\/noticias\/wp-json\/wp\/v2\/media\/19664"}],"wp:attachment":[{"href":"https:\/\/blogdorogeriogomes.com.br\/noticias\/wp-json\/wp\/v2\/media?parent=19663"}],"wp:term":[{"taxonomy":"category","embeddable":true,"href":"https:\/\/blogdorogeriogomes.com.br\/noticias\/wp-json\/wp\/v2\/categories?post=19663"},{"taxonomy":"post_tag","embeddable":true,"href":"https:\/\/blogdorogeriogomes.com.br\/noticias\/wp-json\/wp\/v2\/tags?post=19663"}],"curies":[{"name":"wp","href":"https:\/\/api.w.org\/{rel}","templated":true}]}}