{"id":19677,"date":"2021-01-06T18:09:17","date_gmt":"2021-01-06T18:09:17","guid":{"rendered":"https:\/\/blogdorogeriogomes.com.br\/?p=19677"},"modified":"2021-01-07T18:17:57","modified_gmt":"2021-01-07T18:17:57","slug":"mauro-filho-reassume-seplag-e-projeta-todas-as-secretarias-estaduais-com-servicos-digitais-ate-o-fim-de-2021","status":"publish","type":"post","link":"https:\/\/blogdorogeriogomes.com.br\/noticias\/2021\/01\/mauro-filho-reassume-seplag-e-projeta-todas-as-secretarias-estaduais-com-servicos-digitais-ate-o-fim-de-2021\/","title":{"rendered":"Mauro Filho reassume Seplag e projeta todas as secretarias estaduais com servi\u00e7os digitais at\u00e9 o fim de 2021"},"content":{"rendered":"\n<p>O deputado federal Mauro Filho (PDT) reassumiu a titularidade da Secretaria do Planejamento e Gest\u00e3o do Cear\u00e1 (Seplag) nesta quarta-feira, dia 6 de janeiro. Membro ativo nos secretariados dos governos Tasso Jereissati, Ciro Gomes, L\u00facio Alc\u00e2ntara, Cid Gomes e Camilo Santana, o pedetista volta ao comando de uma pasta estrat\u00e9gica com o objetivo de trazer celeridade \u00e0s a\u00e7\u00f5es do executivo estadual.<\/p>\n\n\n\n<p>Dentre as prioridades de organiza\u00e7\u00e3o da gest\u00e3o executiva, Mauro Filho aponta que buscar\u00e1 a digitaliza\u00e7\u00e3o completa dos servi\u00e7os de todas as secretarias e \u00f3rg\u00e3os do Estado. &#8220;Sempre foi prioridade e agora ser\u00e1 acelerado de tal forma que, at\u00e9 o fim do ano, algumas secretarias v\u00e3o estar com papel zero\u201d, disse. Segundo o secret\u00e1rio, a forma digital d\u00e1 mais praticidade e amplia o acesso do cidad\u00e3o cearense aos servi\u00e7os p\u00fablicos.<\/p>\n\n\n\n<p>Na vaga deixada por Mauro Filho na C\u00e2mara dos Deputados, em Bras\u00edlia, assume o suplente An\u00edbal Gomes (DEM).<\/p>\n\n\n\n<figure class=\"wp-block-image size-large\"><img loading=\"lazy\" decoding=\"async\" width=\"685\" height=\"446\" src=\"https:\/\/blogdorogeriogomes.com.br\/wp-content\/uploads\/2021\/01\/images-8.jpeg\" alt=\"\" class=\"wp-image-19678\" srcset=\"https:\/\/blogdorogeriogomes.com.br\/noticias\/wp-content\/uploads\/2021\/01\/images-8.jpeg 685w, https:\/\/blogdorogeriogomes.com.br\/noticias\/wp-content\/uploads\/2021\/01\/images-8-300x195.jpeg 300w\" sizes=\"auto, (max-width: 685px) 100vw, 685px\" \/><\/figure>\n","protected":false},"excerpt":{"rendered":"<p>O deputado federal Mauro Filho (PDT) reassumiu a titularidade da Secretaria do Planejamento e Gest\u00e3o do Cear\u00e1 (Seplag) nesta quarta-feira, dia 6 de janeiro. Membro ativo nos secretariados dos governos Tasso Jereissati, Ciro Gomes, L\u00facio Alc\u00e2ntara, Cid Gomes e Camilo Santana, o pedetista volta ao comando de uma pasta estrat\u00e9gica com o objetivo de trazer celeridade \u00e0s a\u00e7\u00f5es do executivo estadual. Dentre as prioridades de organiza\u00e7\u00e3o da gest\u00e3o executiva, Mauro Filho aponta que buscar\u00e1 a digitaliza\u00e7\u00e3o completa dos servi\u00e7os&hellip;<\/p>\n","protected":false},"author":1,"featured_media":19678,"comment_status":"open","ping_status":"open","sticky":false,"template":"","format":"standard","meta":{"footnotes":""},"categories":[1],"tags":[],"class_list":["post-19677","post","type-post","status-publish","format-standard","has-post-thumbnail","hentry","category-noticias"],"_links":{"self":[{"href":"https:\/\/blogdorogeriogomes.com.br\/noticias\/wp-json\/wp\/v2\/posts\/19677","targetHints":{"allow":["GET"]}}],"collection":[{"href":"https:\/\/blogdorogeriogomes.com.br\/noticias\/wp-json\/wp\/v2\/posts"}],"about":[{"href":"https:\/\/blogdorogeriogomes.com.br\/noticias\/wp-json\/wp\/v2\/types\/post"}],"author":[{"embeddable":true,"href":"https:\/\/blogdorogeriogomes.com.br\/noticias\/wp-json\/wp\/v2\/users\/1"}],"replies":[{"embeddable":true,"href":"https:\/\/blogdorogeriogomes.com.br\/noticias\/wp-json\/wp\/v2\/comments?post=19677"}],"version-history":[{"count":1,"href":"https:\/\/blogdorogeriogomes.com.br\/noticias\/wp-json\/wp\/v2\/posts\/19677\/revisions"}],"predecessor-version":[{"id":19679,"href":"https:\/\/blogdorogeriogomes.com.br\/noticias\/wp-json\/wp\/v2\/posts\/19677\/revisions\/19679"}],"wp:featuredmedia":[{"embeddable":true,"href":"https:\/\/blogdorogeriogomes.com.br\/noticias\/wp-json\/wp\/v2\/media\/19678"}],"wp:attachment":[{"href":"https:\/\/blogdorogeriogomes.com.br\/noticias\/wp-json\/wp\/v2\/media?parent=19677"}],"wp:term":[{"taxonomy":"category","embeddable":true,"href":"https:\/\/blogdorogeriogomes.com.br\/noticias\/wp-json\/wp\/v2\/categories?post=19677"},{"taxonomy":"post_tag","embeddable":true,"href":"https:\/\/blogdorogeriogomes.com.br\/noticias\/wp-json\/wp\/v2\/tags?post=19677"}],"curies":[{"name":"wp","href":"https:\/\/api.w.org\/{rel}","templated":true}]}}