{"id":19683,"date":"2021-01-07T09:14:13","date_gmt":"2021-01-07T09:14:13","guid":{"rendered":"https:\/\/blogdorogeriogomes.com.br\/?p=19683"},"modified":"2021-01-07T18:17:33","modified_gmt":"2021-01-07T18:17:33","slug":"governo-do-ceara-vai-promover-a-ascensao-funcional-de-seis-mil-profissionais-da-seguranca-publica","status":"publish","type":"post","link":"https:\/\/blogdorogeriogomes.com.br\/noticias\/2021\/01\/governo-do-ceara-vai-promover-a-ascensao-funcional-de-seis-mil-profissionais-da-seguranca-publica\/","title":{"rendered":"Governo do Cear\u00e1 vai promover a ascens\u00e3o funcional de seis mil profissionais da seguran\u00e7a p\u00fablica"},"content":{"rendered":"\n<p>O&nbsp;governador do Cear\u00e1, Camilo Santana, anunciou que o Governo do Estado vai promover a ascens\u00e3o funcional de servidores da Pol\u00edcia Militar, do Corpo de Bombeiros, Pol\u00edcia Civil e Per\u00edcia Forense do Estado do Cear\u00e1 (Pefoce), totalizando cerca de seis mil homens e mulheres.<\/p>\n\n\n\n<p>\u201cAs promo\u00e7\u00f5es come\u00e7am agora no in\u00edcio do ano, e o secret\u00e1rio (de Seguran\u00e7a P\u00fablica, Sandro) Caron, apresentar\u00e1 ao longo das pr\u00f3ximas semanas todo um calend\u00e1rio que definir\u00e1 com sua equipe. Por conta da pandemia vamos fazer diferente: dividindo as promo\u00e7\u00f5es por batalh\u00e3o ou por regi\u00e3o e de forma virtual, para n\u00e3o atrasar as promo\u00e7\u00f5es\u201d, explicou o governador.<\/p>\n\n\n\n<figure class=\"wp-block-image size-large\"><img loading=\"lazy\" decoding=\"async\" width=\"1024\" height=\"684\" src=\"https:\/\/blogdorogeriogomes.com.br\/wp-content\/uploads\/2021\/01\/210106_PROMOCAO-SEGURANCA_CGM0540-1200x802-1-1024x684.jpg\" alt=\"\" class=\"wp-image-19684\" srcset=\"https:\/\/blogdorogeriogomes.com.br\/noticias\/wp-content\/uploads\/2021\/01\/210106_PROMOCAO-SEGURANCA_CGM0540-1200x802-1-1024x684.jpg 1024w, https:\/\/blogdorogeriogomes.com.br\/noticias\/wp-content\/uploads\/2021\/01\/210106_PROMOCAO-SEGURANCA_CGM0540-1200x802-1-300x201.jpg 300w, https:\/\/blogdorogeriogomes.com.br\/noticias\/wp-content\/uploads\/2021\/01\/210106_PROMOCAO-SEGURANCA_CGM0540-1200x802-1-768x513.jpg 768w, https:\/\/blogdorogeriogomes.com.br\/noticias\/wp-content\/uploads\/2021\/01\/210106_PROMOCAO-SEGURANCA_CGM0540-1200x802-1-800x535.jpg 800w, https:\/\/blogdorogeriogomes.com.br\/noticias\/wp-content\/uploads\/2021\/01\/210106_PROMOCAO-SEGURANCA_CGM0540-1200x802-1.jpg 1200w\" sizes=\"auto, (max-width: 1024px) 100vw, 1024px\" \/><\/figure>\n","protected":false},"excerpt":{"rendered":"<p>O&nbsp;governador do Cear\u00e1, Camilo Santana, anunciou que o Governo do Estado vai promover a ascens\u00e3o funcional de servidores da Pol\u00edcia Militar, do Corpo de Bombeiros, Pol\u00edcia Civil e Per\u00edcia Forense do Estado do Cear\u00e1 (Pefoce), totalizando cerca de seis mil homens e mulheres. \u201cAs promo\u00e7\u00f5es come\u00e7am agora no in\u00edcio do ano, e o secret\u00e1rio (de Seguran\u00e7a P\u00fablica, Sandro) Caron, apresentar\u00e1 ao longo das pr\u00f3ximas semanas todo um calend\u00e1rio que definir\u00e1 com sua equipe. Por conta da pandemia vamos fazer&hellip;<\/p>\n","protected":false},"author":1,"featured_media":19684,"comment_status":"open","ping_status":"open","sticky":false,"template":"","format":"standard","meta":{"footnotes":""},"categories":[1],"tags":[],"class_list":["post-19683","post","type-post","status-publish","format-standard","has-post-thumbnail","hentry","category-noticias"],"_links":{"self":[{"href":"https:\/\/blogdorogeriogomes.com.br\/noticias\/wp-json\/wp\/v2\/posts\/19683","targetHints":{"allow":["GET"]}}],"collection":[{"href":"https:\/\/blogdorogeriogomes.com.br\/noticias\/wp-json\/wp\/v2\/posts"}],"about":[{"href":"https:\/\/blogdorogeriogomes.com.br\/noticias\/wp-json\/wp\/v2\/types\/post"}],"author":[{"embeddable":true,"href":"https:\/\/blogdorogeriogomes.com.br\/noticias\/wp-json\/wp\/v2\/users\/1"}],"replies":[{"embeddable":true,"href":"https:\/\/blogdorogeriogomes.com.br\/noticias\/wp-json\/wp\/v2\/comments?post=19683"}],"version-history":[{"count":2,"href":"https:\/\/blogdorogeriogomes.com.br\/noticias\/wp-json\/wp\/v2\/posts\/19683\/revisions"}],"predecessor-version":[{"id":19695,"href":"https:\/\/blogdorogeriogomes.com.br\/noticias\/wp-json\/wp\/v2\/posts\/19683\/revisions\/19695"}],"wp:featuredmedia":[{"embeddable":true,"href":"https:\/\/blogdorogeriogomes.com.br\/noticias\/wp-json\/wp\/v2\/media\/19684"}],"wp:attachment":[{"href":"https:\/\/blogdorogeriogomes.com.br\/noticias\/wp-json\/wp\/v2\/media?parent=19683"}],"wp:term":[{"taxonomy":"category","embeddable":true,"href":"https:\/\/blogdorogeriogomes.com.br\/noticias\/wp-json\/wp\/v2\/categories?post=19683"},{"taxonomy":"post_tag","embeddable":true,"href":"https:\/\/blogdorogeriogomes.com.br\/noticias\/wp-json\/wp\/v2\/tags?post=19683"}],"curies":[{"name":"wp","href":"https:\/\/api.w.org\/{rel}","templated":true}]}}