{"id":19692,"date":"2021-01-07T18:07:14","date_gmt":"2021-01-07T18:07:14","guid":{"rendered":"https:\/\/blogdorogeriogomes.com.br\/?p=19692"},"modified":"2021-01-07T18:16:55","modified_gmt":"2021-01-07T18:16:55","slug":"camilo-santana-da-ordem-de-servico-para-construcao-do-centro-integrado-de-seguranca-publica-em-fortaleza","status":"publish","type":"post","link":"https:\/\/blogdorogeriogomes.com.br\/noticias\/2021\/01\/camilo-santana-da-ordem-de-servico-para-construcao-do-centro-integrado-de-seguranca-publica-em-fortaleza\/","title":{"rendered":"Camilo Santana d\u00e1 ordem de servi\u00e7o para constru\u00e7\u00e3o do Centro Integrado de Seguran\u00e7a P\u00fablica em Fortaleza"},"content":{"rendered":"\n<p>O governador Camilo Santana assinou, nesta quinta-feira, dia 7 de janeiro, a ordem de servi\u00e7o para constru\u00e7\u00e3o do Centro Integrado de Seguran\u00e7a P\u00fablica (Cisp) em Fortaleza. Com investimento de R$ 140 milh\u00f5es, o equipamento ser\u00e1 constru\u00eddo em terreno na Avenida Borges de Melo, onde antes eram localizadas as resid\u00eancias militares da For\u00e7a A\u00e9rea de Fortaleza. A \u00e1rea foi cedida pela Uni\u00e3o ao Governo do Cear\u00e1. As obras j\u00e1 est\u00e3o em andamento.<\/p>\n\n\n\n<p>O Cisp ter\u00e1 cerca de 80 mil m\u00b2 e abrigar\u00e1 as novas sedes de Secretaria da Seguran\u00e7a P\u00fablica e Defesa Social (SSDS), Pol\u00edcia Militar, Pol\u00edcia Civil, Bombeiros, Defesa Civil, Centro Integrado de Intelig\u00eancia e Ciopaer.<\/p>\n\n\n\n<p>Camilo destacou que a obra tamb\u00e9m prev\u00ea um espa\u00e7o de conviv\u00eancia, com urbaniza\u00e7\u00e3o e paisagismo, implanta\u00e7\u00e3o de academia ao ar livre, pista de cooper, brinquedopra\u00e7a e areninha, entre outras estruturas de acesso e circula\u00e7\u00e3o.<\/p>\n\n\n\n<p>&#8220;O complexo vai agilizar, facilitar e integrar cada vez mais o trabalho da seguran\u00e7a p\u00fablica, que \u00e9 um grande desafio. N\u00e3o temos medido esfor\u00e7os de fazer investimentos em intelig\u00eancia, pessoal e equipamentos, para que possamos garantir mais seguran\u00e7a para os cearenses&#8221;, afirmou o governador.<\/p>\n\n\n\n<figure class=\"wp-block-image size-large\"><img loading=\"lazy\" decoding=\"async\" width=\"1024\" height=\"576\" src=\"https:\/\/blogdorogeriogomes.com.br\/wp-content\/uploads\/2021\/01\/centro-de-seguranca-1024x576.jpg\" alt=\"\" class=\"wp-image-19693\" srcset=\"https:\/\/blogdorogeriogomes.com.br\/noticias\/wp-content\/uploads\/2021\/01\/centro-de-seguranca-1024x576.jpg 1024w, https:\/\/blogdorogeriogomes.com.br\/noticias\/wp-content\/uploads\/2021\/01\/centro-de-seguranca-300x169.jpg 300w, https:\/\/blogdorogeriogomes.com.br\/noticias\/wp-content\/uploads\/2021\/01\/centro-de-seguranca-768x432.jpg 768w, https:\/\/blogdorogeriogomes.com.br\/noticias\/wp-content\/uploads\/2021\/01\/centro-de-seguranca-800x450.jpg 800w, https:\/\/blogdorogeriogomes.com.br\/noticias\/wp-content\/uploads\/2021\/01\/centro-de-seguranca.jpg 1028w\" sizes=\"auto, (max-width: 1024px) 100vw, 1024px\" \/><\/figure>\n","protected":false},"excerpt":{"rendered":"<p>O governador Camilo Santana assinou, nesta quinta-feira, dia 7 de janeiro, a ordem de servi\u00e7o para constru\u00e7\u00e3o do Centro Integrado de Seguran\u00e7a P\u00fablica (Cisp) em Fortaleza. Com investimento de R$ 140 milh\u00f5es, o equipamento ser\u00e1 constru\u00eddo em terreno na Avenida Borges de Melo, onde antes eram localizadas as resid\u00eancias militares da For\u00e7a A\u00e9rea de Fortaleza. A \u00e1rea foi cedida pela Uni\u00e3o ao Governo do Cear\u00e1. As obras j\u00e1 est\u00e3o em andamento. O Cisp ter\u00e1 cerca de 80 mil m\u00b2&hellip;<\/p>\n","protected":false},"author":1,"featured_media":19693,"comment_status":"open","ping_status":"open","sticky":false,"template":"","format":"standard","meta":{"footnotes":""},"categories":[1],"tags":[],"class_list":["post-19692","post","type-post","status-publish","format-standard","has-post-thumbnail","hentry","category-noticias"],"_links":{"self":[{"href":"https:\/\/blogdorogeriogomes.com.br\/noticias\/wp-json\/wp\/v2\/posts\/19692","targetHints":{"allow":["GET"]}}],"collection":[{"href":"https:\/\/blogdorogeriogomes.com.br\/noticias\/wp-json\/wp\/v2\/posts"}],"about":[{"href":"https:\/\/blogdorogeriogomes.com.br\/noticias\/wp-json\/wp\/v2\/types\/post"}],"author":[{"embeddable":true,"href":"https:\/\/blogdorogeriogomes.com.br\/noticias\/wp-json\/wp\/v2\/users\/1"}],"replies":[{"embeddable":true,"href":"https:\/\/blogdorogeriogomes.com.br\/noticias\/wp-json\/wp\/v2\/comments?post=19692"}],"version-history":[{"count":1,"href":"https:\/\/blogdorogeriogomes.com.br\/noticias\/wp-json\/wp\/v2\/posts\/19692\/revisions"}],"predecessor-version":[{"id":19694,"href":"https:\/\/blogdorogeriogomes.com.br\/noticias\/wp-json\/wp\/v2\/posts\/19692\/revisions\/19694"}],"wp:featuredmedia":[{"embeddable":true,"href":"https:\/\/blogdorogeriogomes.com.br\/noticias\/wp-json\/wp\/v2\/media\/19693"}],"wp:attachment":[{"href":"https:\/\/blogdorogeriogomes.com.br\/noticias\/wp-json\/wp\/v2\/media?parent=19692"}],"wp:term":[{"taxonomy":"category","embeddable":true,"href":"https:\/\/blogdorogeriogomes.com.br\/noticias\/wp-json\/wp\/v2\/categories?post=19692"},{"taxonomy":"post_tag","embeddable":true,"href":"https:\/\/blogdorogeriogomes.com.br\/noticias\/wp-json\/wp\/v2\/tags?post=19692"}],"curies":[{"name":"wp","href":"https:\/\/api.w.org\/{rel}","templated":true}]}}