{"id":19699,"date":"2021-01-08T09:16:19","date_gmt":"2021-01-08T09:16:19","guid":{"rendered":"https:\/\/blogdorogeriogomes.com.br\/?p=19699"},"modified":"2021-01-08T14:26:10","modified_gmt":"2021-01-08T14:26:10","slug":"prefeito-jose-sarto-define-os-12-novos-secretarios-das-regionais-de-fortaleza","status":"publish","type":"post","link":"https:\/\/blogdorogeriogomes.com.br\/noticias\/2021\/01\/prefeito-jose-sarto-define-os-12-novos-secretarios-das-regionais-de-fortaleza\/","title":{"rendered":"Prefeito Jos\u00e9 Sarto define os 12 novos secret\u00e1rios das Regionais de Fortaleza"},"content":{"rendered":"\n<p>Desde o \u00faltimo dia 1\u00b0 de janeiro, Fortaleza passou a contar com 12 Regionais. Antes, eram sete. Nesta quinta-feira, dia 7 de janeiro, o prefeito Jos\u00e9 Sarto (PDT) definiu a lista dos 12 novos secret\u00e1rios, que inclui t\u00e9cnicos, vereadores eleitos e n\u00e3o eleitos e lideran\u00e7as pol\u00edticas.<\/p>\n\n\n\n<p>Lista de secret\u00e1rios das Regionais Regional 1 (Barra do Cear\u00e1, Pirambu, Floresta e outros): Ant\u00f4nio Nei de Sousa &#8211; Advogado e atual secret\u00e1rio executivo da Pesca do governo Camilo Santana (PT)<\/p>\n\n\n\n<p>Regional 2 (Aldeota, Papicu, Mucuripe e outros): Rennys Frota &#8211; Ex-secret\u00e1rio de Recursos H\u00eddricos na gest\u00e3o Cid Gomes e ex-presidente da Etufor<\/p>\n\n\n\n<p>Regional 3 (Ant\u00f4nio Bezerra, Parquel\u00e2ndia, Presidente Kennedy e outros): Michel Lins &#8211; Vereador eleito pelo Cidadania<\/p>\n\n\n\n<p>Regional 4 (Benfica, F\u00e1tima, Montese e outros): Adams Gomes: Suplente de vereador pelo DEM<\/p>\n\n\n\n<p>Regional 5 (Granja Portugal, Bom Jardim, Siqueira e outros): Moacir Soares &#8211; suplente de vereador pelo PSD<\/p>\n\n\n\n<p>Regional 6 (Aerol\u00e2ndia, Messejana, Cidade dos Funcion\u00e1rios e outros): T\u00falio Studart &#8211; coronel da PM do Cear\u00e1<\/p>\n\n\n\n<p>Regional 7 (Praia do Futuro, Cidade 2000, Guararapes e outros): Benigno J\u00fanior &#8211; ex-vereador, concorreu \u00e0 reelei\u00e7\u00e3o pelo PP, mas ficou na supl\u00eancia<\/p>\n\n\n\n<p>Regional 8 (Serrinha, Dias Mac\u00eado, Jos\u00e9 Walter e outros): Mosiah Torgan &#8211; suplente de vereador pelo PDT<\/p>\n\n\n\n<p>Regional 9 (Cajazeiras, Conjunto Palmeiras, Jangurussu e outros): Darlene Braga &#8211; doutora em Direito Constitucional, indica\u00e7\u00e3o do PP do Cear\u00e1<\/p>\n\n\n\n<p>Regional 10 (Parque S\u00e3o Jos\u00e9, Aracap\u00e9, Mondubim e outros): Leonardo Freire &#8211; ligado ao PRTB, irm\u00e3o do deputado Heitor Freire (PSL)<\/p>\n\n\n\n<p>Regional 11 (Pici, Henrique Jorge, Conjunto Cear\u00e1 e outros): Raimundo Filho &#8211; vereador eleito pelo PDT<\/p>\n\n\n\n<p>Regional 12 (Centro, Moura Brasil e Praia de Iracema): J\u00falio Santos &#8211; servidor p\u00fablico de carreira da Ag\u00eancia de Fiscaliza\u00e7\u00e3o<\/p>\n\n\n\n<figure class=\"wp-block-image size-large\"><img loading=\"lazy\" decoding=\"async\" width=\"1024\" height=\"719\" src=\"https:\/\/blogdorogeriogomes.com.br\/wp-content\/uploads\/2021\/01\/IMG-20210104-WA0065-1024x719.jpg\" alt=\"\" class=\"wp-image-19700\" srcset=\"https:\/\/blogdorogeriogomes.com.br\/noticias\/wp-content\/uploads\/2021\/01\/IMG-20210104-WA0065-1024x719.jpg 1024w, https:\/\/blogdorogeriogomes.com.br\/noticias\/wp-content\/uploads\/2021\/01\/IMG-20210104-WA0065-300x211.jpg 300w, https:\/\/blogdorogeriogomes.com.br\/noticias\/wp-content\/uploads\/2021\/01\/IMG-20210104-WA0065-768x540.jpg 768w, https:\/\/blogdorogeriogomes.com.br\/noticias\/wp-content\/uploads\/2021\/01\/IMG-20210104-WA0065-800x562.jpg 800w, https:\/\/blogdorogeriogomes.com.br\/noticias\/wp-content\/uploads\/2021\/01\/IMG-20210104-WA0065.jpg 1079w\" sizes=\"auto, (max-width: 1024px) 100vw, 1024px\" \/><\/figure>\n","protected":false},"excerpt":{"rendered":"<p>Desde o \u00faltimo dia 1\u00b0 de janeiro, Fortaleza passou a contar com 12 Regionais. Antes, eram sete. Nesta quinta-feira, dia 7 de janeiro, o prefeito Jos\u00e9 Sarto (PDT) definiu a lista dos 12 novos secret\u00e1rios, que inclui t\u00e9cnicos, vereadores eleitos e n\u00e3o eleitos e lideran\u00e7as pol\u00edticas. Lista de secret\u00e1rios das Regionais Regional 1 (Barra do Cear\u00e1, Pirambu, Floresta e outros): Ant\u00f4nio Nei de Sousa &#8211; Advogado e atual secret\u00e1rio executivo da Pesca do governo Camilo Santana (PT) Regional 2&hellip;<\/p>\n","protected":false},"author":1,"featured_media":19700,"comment_status":"open","ping_status":"open","sticky":false,"template":"","format":"standard","meta":{"footnotes":""},"categories":[1],"tags":[],"class_list":["post-19699","post","type-post","status-publish","format-standard","has-post-thumbnail","hentry","category-noticias"],"_links":{"self":[{"href":"https:\/\/blogdorogeriogomes.com.br\/noticias\/wp-json\/wp\/v2\/posts\/19699","targetHints":{"allow":["GET"]}}],"collection":[{"href":"https:\/\/blogdorogeriogomes.com.br\/noticias\/wp-json\/wp\/v2\/posts"}],"about":[{"href":"https:\/\/blogdorogeriogomes.com.br\/noticias\/wp-json\/wp\/v2\/types\/post"}],"author":[{"embeddable":true,"href":"https:\/\/blogdorogeriogomes.com.br\/noticias\/wp-json\/wp\/v2\/users\/1"}],"replies":[{"embeddable":true,"href":"https:\/\/blogdorogeriogomes.com.br\/noticias\/wp-json\/wp\/v2\/comments?post=19699"}],"version-history":[{"count":1,"href":"https:\/\/blogdorogeriogomes.com.br\/noticias\/wp-json\/wp\/v2\/posts\/19699\/revisions"}],"predecessor-version":[{"id":19701,"href":"https:\/\/blogdorogeriogomes.com.br\/noticias\/wp-json\/wp\/v2\/posts\/19699\/revisions\/19701"}],"wp:featuredmedia":[{"embeddable":true,"href":"https:\/\/blogdorogeriogomes.com.br\/noticias\/wp-json\/wp\/v2\/media\/19700"}],"wp:attachment":[{"href":"https:\/\/blogdorogeriogomes.com.br\/noticias\/wp-json\/wp\/v2\/media?parent=19699"}],"wp:term":[{"taxonomy":"category","embeddable":true,"href":"https:\/\/blogdorogeriogomes.com.br\/noticias\/wp-json\/wp\/v2\/categories?post=19699"},{"taxonomy":"post_tag","embeddable":true,"href":"https:\/\/blogdorogeriogomes.com.br\/noticias\/wp-json\/wp\/v2\/tags?post=19699"}],"curies":[{"name":"wp","href":"https:\/\/api.w.org\/{rel}","templated":true}]}}