{"id":19702,"date":"2021-01-08T09:54:22","date_gmt":"2021-01-08T09:54:22","guid":{"rendered":"https:\/\/blogdorogeriogomes.com.br\/?p=19702"},"modified":"2021-01-08T14:25:59","modified_gmt":"2021-01-08T14:25:59","slug":"brasil-passa-de-200-mil-mortos-pela-covid-19-governo-federal-patina-nas-acoes-e-agora-corre-de-forma-atrasada-atras-da-coronavac","status":"publish","type":"post","link":"https:\/\/blogdorogeriogomes.com.br\/noticias\/2021\/01\/brasil-passa-de-200-mil-mortos-pela-covid-19-governo-federal-patina-nas-acoes-e-agora-corre-de-forma-atrasada-atras-da-coronavac\/","title":{"rendered":"Brasil passa de 200 mil mortos pela Covid-19. Governo Federal &#8220;patina&#8221; nas a\u00e7\u00f5es e agora corre de forma atrasada atr\u00e1s da CoronaVac"},"content":{"rendered":"\n<p>O Brasil passou a marca de 200 mil mortes por Covid-19 nesta quinta-feira, dia 7 de janeiro, segundo levantamento do cons\u00f3rcio de ve\u00edculos de imprensa feito a partir de dados das secretarias estaduais de Sa\u00fade e divulgado em um boletim extra. O total de \u00f3bitos registrados \u00e9 de 200.011, com 7.921.803 casos confirmados. O agravamento do quadro faz com que governadores e prefeitos voltem a pensar em medidas mais restritivas de circula\u00e7\u00e3o de pessoas. O Governo Federal, no entanto, se mant\u00e9m inerte frente ao crescimento no n\u00famero de mortos. O presidente Jair Bolsonaro n\u00e3o faz qualquer ato de incentivo \u00e0 vacina\u00e7\u00e3o. Ao contr\u00e1rio, a todo momento coloca em d\u00favida a efic\u00e1cia das vacinas que j\u00e1 est\u00e3o sendo ministradas em mais de 50 pa\u00edses no mundo.<\/p>\n\n\n\n<p>Sem qualquer planejamento diante da condu\u00e7\u00e3o desastrosa da pandemia, o Minist\u00e9rio da Sa\u00fade corre agora atr\u00e1s at\u00e9 da vacina CoronaVac, rejeitada pelo pr\u00f3prio Bolsonaro pelo fato de ser produzida pelo Instituto Butantan em parceria com o laborat\u00f3rio chin\u00eas Sinovac. O Butantan confirmou que assinou um contrato com o Minist\u00e9rio da Sa\u00fade para a aquisi\u00e7\u00e3o de doses da CoronaVac. <\/p>\n\n\n\n<p>O documento prev\u00ea o fornecimento de 46 milh\u00f5es de doses, em quatro entregas at\u00e9 o dia 30 de abril. H\u00e1 ainda a possibilidade de o \u00f3rg\u00e3o federal adquirir do instituto outras 54 milh\u00f5es de doses, totalizando 100 milh\u00f5es.<\/p>\n\n\n\n<figure class=\"wp-block-image size-large\"><img loading=\"lazy\" decoding=\"async\" width=\"1024\" height=\"576\" src=\"https:\/\/blogdorogeriogomes.com.br\/wp-content\/uploads\/2021\/01\/2020-12-31t224238z-2021775373-rc2myk9nqp50-rtrmadp-3-health-coronavirus-brazil-fiocruz-1024x576.jpg\" alt=\"\" class=\"wp-image-19703\" srcset=\"https:\/\/blogdorogeriogomes.com.br\/noticias\/wp-content\/uploads\/2021\/01\/2020-12-31t224238z-2021775373-rc2myk9nqp50-rtrmadp-3-health-coronavirus-brazil-fiocruz-1024x576.jpg 1024w, https:\/\/blogdorogeriogomes.com.br\/noticias\/wp-content\/uploads\/2021\/01\/2020-12-31t224238z-2021775373-rc2myk9nqp50-rtrmadp-3-health-coronavirus-brazil-fiocruz-300x169.jpg 300w, https:\/\/blogdorogeriogomes.com.br\/noticias\/wp-content\/uploads\/2021\/01\/2020-12-31t224238z-2021775373-rc2myk9nqp50-rtrmadp-3-health-coronavirus-brazil-fiocruz-768x432.jpg 768w, https:\/\/blogdorogeriogomes.com.br\/noticias\/wp-content\/uploads\/2021\/01\/2020-12-31t224238z-2021775373-rc2myk9nqp50-rtrmadp-3-health-coronavirus-brazil-fiocruz-800x450.jpg 800w, https:\/\/blogdorogeriogomes.com.br\/noticias\/wp-content\/uploads\/2021\/01\/2020-12-31t224238z-2021775373-rc2myk9nqp50-rtrmadp-3-health-coronavirus-brazil-fiocruz.jpg 1080w\" sizes=\"auto, (max-width: 1024px) 100vw, 1024px\" \/><\/figure>\n","protected":false},"excerpt":{"rendered":"<p>O Brasil passou a marca de 200 mil mortes por Covid-19 nesta quinta-feira, dia 7 de janeiro, segundo levantamento do cons\u00f3rcio de ve\u00edculos de imprensa feito a partir de dados das secretarias estaduais de Sa\u00fade e divulgado em um boletim extra. O total de \u00f3bitos registrados \u00e9 de 200.011, com 7.921.803 casos confirmados. O agravamento do quadro faz com que governadores e prefeitos voltem a pensar em medidas mais restritivas de circula\u00e7\u00e3o de pessoas. O Governo Federal, no entanto,&hellip;<\/p>\n","protected":false},"author":1,"featured_media":19703,"comment_status":"open","ping_status":"open","sticky":false,"template":"","format":"standard","meta":{"footnotes":""},"categories":[1],"tags":[],"class_list":["post-19702","post","type-post","status-publish","format-standard","has-post-thumbnail","hentry","category-noticias"],"_links":{"self":[{"href":"https:\/\/blogdorogeriogomes.com.br\/noticias\/wp-json\/wp\/v2\/posts\/19702","targetHints":{"allow":["GET"]}}],"collection":[{"href":"https:\/\/blogdorogeriogomes.com.br\/noticias\/wp-json\/wp\/v2\/posts"}],"about":[{"href":"https:\/\/blogdorogeriogomes.com.br\/noticias\/wp-json\/wp\/v2\/types\/post"}],"author":[{"embeddable":true,"href":"https:\/\/blogdorogeriogomes.com.br\/noticias\/wp-json\/wp\/v2\/users\/1"}],"replies":[{"embeddable":true,"href":"https:\/\/blogdorogeriogomes.com.br\/noticias\/wp-json\/wp\/v2\/comments?post=19702"}],"version-history":[{"count":1,"href":"https:\/\/blogdorogeriogomes.com.br\/noticias\/wp-json\/wp\/v2\/posts\/19702\/revisions"}],"predecessor-version":[{"id":19704,"href":"https:\/\/blogdorogeriogomes.com.br\/noticias\/wp-json\/wp\/v2\/posts\/19702\/revisions\/19704"}],"wp:featuredmedia":[{"embeddable":true,"href":"https:\/\/blogdorogeriogomes.com.br\/noticias\/wp-json\/wp\/v2\/media\/19703"}],"wp:attachment":[{"href":"https:\/\/blogdorogeriogomes.com.br\/noticias\/wp-json\/wp\/v2\/media?parent=19702"}],"wp:term":[{"taxonomy":"category","embeddable":true,"href":"https:\/\/blogdorogeriogomes.com.br\/noticias\/wp-json\/wp\/v2\/categories?post=19702"},{"taxonomy":"post_tag","embeddable":true,"href":"https:\/\/blogdorogeriogomes.com.br\/noticias\/wp-json\/wp\/v2\/tags?post=19702"}],"curies":[{"name":"wp","href":"https:\/\/api.w.org\/{rel}","templated":true}]}}