{"id":19705,"date":"2021-01-08T17:06:09","date_gmt":"2021-01-08T17:06:09","guid":{"rendered":"https:\/\/blogdorogeriogomes.com.br\/?p=19705"},"modified":"2021-01-11T12:37:55","modified_gmt":"2021-01-11T12:37:55","slug":"escolhas-para-o-secretariado-de-sarto-alteram-composicao-da-camara-municipal-de-fortaleza","status":"publish","type":"post","link":"https:\/\/blogdorogeriogomes.com.br\/noticias\/2021\/01\/escolhas-para-o-secretariado-de-sarto-alteram-composicao-da-camara-municipal-de-fortaleza\/","title":{"rendered":"Escolhas para o secretariado de Sarto alteram composi\u00e7\u00e3o da C\u00e2mara Municipal de Fortaleza"},"content":{"rendered":"\n<p>Com o an\u00fancio dos nomes que assumir\u00e3o as Secretarias Regionais, feito na \u00faltima quinta-feira, dia 7 de janeiro, a gest\u00e3o de Sarto Nogueira (PDT) na Prefeitura de Fortaleza j\u00e1 est\u00e1 definida. E a escolha desta nova equipe municipal gerou altera\u00e7\u00f5es na C\u00e2mara Municipal de Fortaleza, visto que vereadores eleitos assumiram o cargo de secret\u00e1rio de regionais da Capital,<\/p>\n\n\n\n<p>O vereador Raimundo Filho (PDT) assumiu a Regional 11, que contempla os bairros Pici, Henrique Jorge, Conjunto Cear\u00e1, Belavista, Panamericano, Couto Fernandes, Democrito Rocha, J\u00f3quei Clube, Jo\u00e3o XXIII, Geniba\u00fa, Altran Nunes e Dom Lustosa. Em seu lugar, volta ao Parlamento Municipal o seu suplente e ex-vereador, Iraguass\u00fa Filho (PDT).<\/p>\n\n\n\n<p>No partido Cidadania, o vereador Michel Lins assumiu a Regional 3, hoje composta pelos bairros Quintino Cunha, Ant\u00f4nio Bezerra, Olavo Oliveira, Padre Andrade, Presidente Kennedy, Ellery, Monte Castelo, S\u00e3o Gerardo, Parquel\u00e2ndia, Parque Arax\u00e1, Farias Brito, Amadeu Furtado e Rodolfo Te\u00f3filo. Assume a sua vaga na CMFor o primeiro suplente Pedro Fran\u00e7a, neto da secret\u00e1ria da Prote\u00e7\u00e3o Social e Justi\u00e7a do Cear\u00e1, Socorro Fran\u00e7a.<\/p>\n\n\n\n<p>Antes disso, com o an\u00fancio do secretariado municipal, o vereador Elp\u00eddio Nogueira (PDT) foi escolhido para a Secretaria da Cultura de Fortaleza, abrindo espa\u00e7o para o oitavo mandato de Carlos Mesquita na C\u00e2mara.<\/p>\n\n\n\n<p>Alguns suplentes tamb\u00e9m foram contemplados na lista dos titulares das 12 Regionais de Fortaleza. \u00c9 o caso de Benigno J\u00fanior (PP), ex-vereador e suplente que assume a Regional 7 (Praia do Futuro, Cidade 2000 e regi\u00e3o), Adams Gomes (DEM), suplente e filho do deputado estadual Tin Gomes (PDT) que assume a Regional 4 (Benfica, F\u00e1tima, Montese e regi\u00e3o), Moacir Soares (PSD), suplente e ex-secret\u00e1rio de Sa\u00fade de Caucaia que assume a Regional 5 (Granja Portugal, Bom Jardim, Siqueira e regi\u00e3o), e Mosiah Torgan, suplente de vereador pelo PDT e filho do ex-vice-prefeito Moroni Torgan (DEM), que assume a Regional 8 (Serrinha, Dias Macedo, Jos\u00e9 Walter e regi\u00e3o).<\/p>\n\n\n\n<figure class=\"wp-block-image size-large\"><img loading=\"lazy\" decoding=\"async\" width=\"1024\" height=\"768\" src=\"https:\/\/blogdorogeriogomes.com.br\/wp-content\/uploads\/2021\/01\/Camara-Municipal-de-Fortaleza-1024x768.jpg\" alt=\"\" class=\"wp-image-19706\" srcset=\"https:\/\/blogdorogeriogomes.com.br\/noticias\/wp-content\/uploads\/2021\/01\/Camara-Municipal-de-Fortaleza-1024x768.jpg 1024w, https:\/\/blogdorogeriogomes.com.br\/noticias\/wp-content\/uploads\/2021\/01\/Camara-Municipal-de-Fortaleza-300x225.jpg 300w, https:\/\/blogdorogeriogomes.com.br\/noticias\/wp-content\/uploads\/2021\/01\/Camara-Municipal-de-Fortaleza-768x576.jpg 768w, https:\/\/blogdorogeriogomes.com.br\/noticias\/wp-content\/uploads\/2021\/01\/Camara-Municipal-de-Fortaleza-800x600.jpg 800w, https:\/\/blogdorogeriogomes.com.br\/noticias\/wp-content\/uploads\/2021\/01\/Camara-Municipal-de-Fortaleza-400x300.jpg 400w, https:\/\/blogdorogeriogomes.com.br\/noticias\/wp-content\/uploads\/2021\/01\/Camara-Municipal-de-Fortaleza.jpg 1333w\" sizes=\"auto, (max-width: 1024px) 100vw, 1024px\" \/><\/figure>\n","protected":false},"excerpt":{"rendered":"<p>Com o an\u00fancio dos nomes que assumir\u00e3o as Secretarias Regionais, feito na \u00faltima quinta-feira, dia 7 de janeiro, a gest\u00e3o de Sarto Nogueira (PDT) na Prefeitura de Fortaleza j\u00e1 est\u00e1 definida. E a escolha desta nova equipe municipal gerou altera\u00e7\u00f5es na C\u00e2mara Municipal de Fortaleza, visto que vereadores eleitos assumiram o cargo de secret\u00e1rio de regionais da Capital, O vereador Raimundo Filho (PDT) assumiu a Regional 11, que contempla os bairros Pici, Henrique Jorge, Conjunto Cear\u00e1, Belavista, Panamericano, Couto&hellip;<\/p>\n","protected":false},"author":1,"featured_media":19706,"comment_status":"open","ping_status":"open","sticky":false,"template":"","format":"standard","meta":{"footnotes":""},"categories":[1],"tags":[],"class_list":["post-19705","post","type-post","status-publish","format-standard","has-post-thumbnail","hentry","category-noticias"],"_links":{"self":[{"href":"https:\/\/blogdorogeriogomes.com.br\/noticias\/wp-json\/wp\/v2\/posts\/19705","targetHints":{"allow":["GET"]}}],"collection":[{"href":"https:\/\/blogdorogeriogomes.com.br\/noticias\/wp-json\/wp\/v2\/posts"}],"about":[{"href":"https:\/\/blogdorogeriogomes.com.br\/noticias\/wp-json\/wp\/v2\/types\/post"}],"author":[{"embeddable":true,"href":"https:\/\/blogdorogeriogomes.com.br\/noticias\/wp-json\/wp\/v2\/users\/1"}],"replies":[{"embeddable":true,"href":"https:\/\/blogdorogeriogomes.com.br\/noticias\/wp-json\/wp\/v2\/comments?post=19705"}],"version-history":[{"count":1,"href":"https:\/\/blogdorogeriogomes.com.br\/noticias\/wp-json\/wp\/v2\/posts\/19705\/revisions"}],"predecessor-version":[{"id":19707,"href":"https:\/\/blogdorogeriogomes.com.br\/noticias\/wp-json\/wp\/v2\/posts\/19705\/revisions\/19707"}],"wp:featuredmedia":[{"embeddable":true,"href":"https:\/\/blogdorogeriogomes.com.br\/noticias\/wp-json\/wp\/v2\/media\/19706"}],"wp:attachment":[{"href":"https:\/\/blogdorogeriogomes.com.br\/noticias\/wp-json\/wp\/v2\/media?parent=19705"}],"wp:term":[{"taxonomy":"category","embeddable":true,"href":"https:\/\/blogdorogeriogomes.com.br\/noticias\/wp-json\/wp\/v2\/categories?post=19705"},{"taxonomy":"post_tag","embeddable":true,"href":"https:\/\/blogdorogeriogomes.com.br\/noticias\/wp-json\/wp\/v2\/tags?post=19705"}],"curies":[{"name":"wp","href":"https:\/\/api.w.org\/{rel}","templated":true}]}}