{"id":19711,"date":"2021-01-09T10:35:37","date_gmt":"2021-01-09T10:35:37","guid":{"rendered":"https:\/\/blogdorogeriogomes.com.br\/?p=19711"},"modified":"2021-01-11T12:37:34","modified_gmt":"2021-01-11T12:37:34","slug":"camilo-santana-proibe-festas-carnavalescas-e-cancela-ponto-facultativo-em-fevereiro","status":"publish","type":"post","link":"https:\/\/blogdorogeriogomes.com.br\/noticias\/2021\/01\/camilo-santana-proibe-festas-carnavalescas-e-cancela-ponto-facultativo-em-fevereiro\/","title":{"rendered":"Camilo Santana pro\u00edbe festas carnavalescas e cancela ponto facultativo em fevereiro"},"content":{"rendered":"\n<p>Ap\u00f3s reuni\u00e3o semanal do Comit\u00ea Estadual de Enfrentamento \u00e0 Pandemia do Coronav\u00edrus, o governador do Cear\u00e1, Camilo Santana, anunciou que, diante do atual cen\u00e1rio de aumento de casos, que preocupa o Brasil inteiro e o mundo, ficaram definidas as seguintes medidas para este m\u00eas de janeiro e fevereiro:<\/p>\n\n\n\n<p>1. Continua em vigor at\u00e9 o pr\u00f3ximo dia 31 de janeiro, as medidas previstas no decreto de fim de ano, como a proibi\u00e7\u00e3o de festas, shows e eventos sociais. As medidas passam a constar num decreto \u00fanico;<\/p>\n\n\n\n<p>2. Suspens\u00e3o, em todo o Estado, de quaisquer festas ou eventos comemorativos de Carnaval, em ambientes abertos ou fechados, promovidos por iniciativa p\u00fablica ou particular;<\/p>\n\n\n\n<p>3. Cancelamento de ponto facultativo nos dias 15 e 16 de fevereiro, segunda e ter\u00e7a-feira de Carnaval, como ocorria em anos anteriores;<\/p>\n\n\n\n<p>4. Proposi\u00e7\u00e3o aos \u00f3rg\u00e3os representativos competentes para a abertura do com\u00e9rcio, servi\u00e7os e ind\u00fastria durante os dias de carnaval;<\/p>\n\n\n\n<p>5. Os \u00f3rg\u00e3os de fiscaliza\u00e7\u00e3o do Estado e Prefeitura de Fortaleza (PMF) estar\u00e3o se reunindo na segunda-feira, dia 11 de janeiro, para intensificar as a\u00e7\u00f5es de fiscaliza\u00e7\u00e3o, principalmente nas \u00e1reas com maior incid\u00eancia de casos;<\/p>\n\n\n\n<p>6. Como forma de apoio ao Setor de Eventos, um dos grandes afetados pela pandemia, equipes do Governo e Prefeitura de Fortaleza estar\u00e3o se reunindo na segunda-feira, dia 11 de janeiro, com representantes do setor, a fim de desenvolver um Plano de Apoio, principalmente aos pequenos neg\u00f3cios.<\/p>\n\n\n\n<figure class=\"wp-block-image size-large\"><img loading=\"lazy\" decoding=\"async\" width=\"770\" height=\"579\" src=\"https:\/\/blogdorogeriogomes.com.br\/wp-content\/uploads\/2021\/01\/136370488_2924971254402115_1440810213948510287_n.jpeg\" alt=\"\" class=\"wp-image-19712\" srcset=\"https:\/\/blogdorogeriogomes.com.br\/noticias\/wp-content\/uploads\/2021\/01\/136370488_2924971254402115_1440810213948510287_n.jpeg 770w, https:\/\/blogdorogeriogomes.com.br\/noticias\/wp-content\/uploads\/2021\/01\/136370488_2924971254402115_1440810213948510287_n-300x226.jpeg 300w, https:\/\/blogdorogeriogomes.com.br\/noticias\/wp-content\/uploads\/2021\/01\/136370488_2924971254402115_1440810213948510287_n-768x577.jpeg 768w, https:\/\/blogdorogeriogomes.com.br\/noticias\/wp-content\/uploads\/2021\/01\/136370488_2924971254402115_1440810213948510287_n-400x300.jpeg 400w\" sizes=\"auto, (max-width: 770px) 100vw, 770px\" \/><\/figure>\n","protected":false},"excerpt":{"rendered":"<p>Ap\u00f3s reuni\u00e3o semanal do Comit\u00ea Estadual de Enfrentamento \u00e0 Pandemia do Coronav\u00edrus, o governador do Cear\u00e1, Camilo Santana, anunciou que, diante do atual cen\u00e1rio de aumento de casos, que preocupa o Brasil inteiro e o mundo, ficaram definidas as seguintes medidas para este m\u00eas de janeiro e fevereiro: 1. Continua em vigor at\u00e9 o pr\u00f3ximo dia 31 de janeiro, as medidas previstas no decreto de fim de ano, como a proibi\u00e7\u00e3o de festas, shows e eventos sociais. As medidas&hellip;<\/p>\n","protected":false},"author":1,"featured_media":19712,"comment_status":"open","ping_status":"open","sticky":false,"template":"","format":"standard","meta":{"footnotes":""},"categories":[1],"tags":[],"class_list":["post-19711","post","type-post","status-publish","format-standard","has-post-thumbnail","hentry","category-noticias"],"_links":{"self":[{"href":"https:\/\/blogdorogeriogomes.com.br\/noticias\/wp-json\/wp\/v2\/posts\/19711","targetHints":{"allow":["GET"]}}],"collection":[{"href":"https:\/\/blogdorogeriogomes.com.br\/noticias\/wp-json\/wp\/v2\/posts"}],"about":[{"href":"https:\/\/blogdorogeriogomes.com.br\/noticias\/wp-json\/wp\/v2\/types\/post"}],"author":[{"embeddable":true,"href":"https:\/\/blogdorogeriogomes.com.br\/noticias\/wp-json\/wp\/v2\/users\/1"}],"replies":[{"embeddable":true,"href":"https:\/\/blogdorogeriogomes.com.br\/noticias\/wp-json\/wp\/v2\/comments?post=19711"}],"version-history":[{"count":1,"href":"https:\/\/blogdorogeriogomes.com.br\/noticias\/wp-json\/wp\/v2\/posts\/19711\/revisions"}],"predecessor-version":[{"id":19713,"href":"https:\/\/blogdorogeriogomes.com.br\/noticias\/wp-json\/wp\/v2\/posts\/19711\/revisions\/19713"}],"wp:featuredmedia":[{"embeddable":true,"href":"https:\/\/blogdorogeriogomes.com.br\/noticias\/wp-json\/wp\/v2\/media\/19712"}],"wp:attachment":[{"href":"https:\/\/blogdorogeriogomes.com.br\/noticias\/wp-json\/wp\/v2\/media?parent=19711"}],"wp:term":[{"taxonomy":"category","embeddable":true,"href":"https:\/\/blogdorogeriogomes.com.br\/noticias\/wp-json\/wp\/v2\/categories?post=19711"},{"taxonomy":"post_tag","embeddable":true,"href":"https:\/\/blogdorogeriogomes.com.br\/noticias\/wp-json\/wp\/v2\/tags?post=19711"}],"curies":[{"name":"wp","href":"https:\/\/api.w.org\/{rel}","templated":true}]}}