{"id":19720,"date":"2021-01-11T09:37:48","date_gmt":"2021-01-11T09:37:48","guid":{"rendered":"https:\/\/blogdorogeriogomes.com.br\/?p=19720"},"modified":"2021-01-12T12:13:19","modified_gmt":"2021-01-12T12:13:19","slug":"jose-sarto-anuncia-plano-preventivo-para-quadra-chuvosa-em-fortaleza-nesta-segunda-feira","status":"publish","type":"post","link":"https:\/\/blogdorogeriogomes.com.br\/noticias\/2021\/01\/jose-sarto-anuncia-plano-preventivo-para-quadra-chuvosa-em-fortaleza-nesta-segunda-feira\/","title":{"rendered":"Jos\u00e9 Sarto anuncia plano preventivo para quadra chuvosa em Fortaleza nesta segunda-feira"},"content":{"rendered":"\n<p>O prefeito de Fortaleza, Jos\u00e9 Sarto (PDT), anunciar\u00e1, nesta segunda-feira, dia 11 de janeiro, o plano de trabalho preventivo para a quadra chuvosa deste ano. \u00c0s 10 horas, no Pa\u00e7o Municipal, Sarto ter\u00e1 o primeiro encontro com o Comit\u00ea da Quadra Chuvosa, que re\u00fane \u00f3rg\u00e3os relacionados ao tema em \u00e2mbito municipal e estadual. Em seguida, haver\u00e1 coletiva de imprensa, que ser\u00e1 transmitida pelas redes sociais oficiais da Prefeitura de Fortaleza e do prefeito.<\/p>\n\n\n\n<p>O comit\u00ea apresentar\u00e1 as medidas que ser\u00e3o adotadas para minimizar os impactos das chuvas, como a\u00e7\u00f5es de limpeza e servi\u00e7os de drenagem. O objetivo \u00e9 melhorar a capacidade de resposta do Munic\u00edpio durante o per\u00edodo de chuvas.<\/p>\n\n\n\n<figure class=\"wp-block-image size-large\"><img loading=\"lazy\" decoding=\"async\" width=\"1024\" height=\"682\" src=\"https:\/\/blogdorogeriogomes.com.br\/wp-content\/uploads\/2021\/01\/IMG-20201222-WA0117-1024x682.jpg\" alt=\"\" class=\"wp-image-19722\" srcset=\"https:\/\/blogdorogeriogomes.com.br\/noticias\/wp-content\/uploads\/2021\/01\/IMG-20201222-WA0117-1024x682.jpg 1024w, https:\/\/blogdorogeriogomes.com.br\/noticias\/wp-content\/uploads\/2021\/01\/IMG-20201222-WA0117-300x200.jpg 300w, https:\/\/blogdorogeriogomes.com.br\/noticias\/wp-content\/uploads\/2021\/01\/IMG-20201222-WA0117-768x512.jpg 768w, https:\/\/blogdorogeriogomes.com.br\/noticias\/wp-content\/uploads\/2021\/01\/IMG-20201222-WA0117-800x533.jpg 800w, https:\/\/blogdorogeriogomes.com.br\/noticias\/wp-content\/uploads\/2021\/01\/IMG-20201222-WA0117.jpg 1280w\" sizes=\"auto, (max-width: 1024px) 100vw, 1024px\" \/><\/figure>\n","protected":false},"excerpt":{"rendered":"<p>O prefeito de Fortaleza, Jos\u00e9 Sarto (PDT), anunciar\u00e1, nesta segunda-feira, dia 11 de janeiro, o plano de trabalho preventivo para a quadra chuvosa deste ano. \u00c0s 10 horas, no Pa\u00e7o Municipal, Sarto ter\u00e1 o primeiro encontro com o Comit\u00ea da Quadra Chuvosa, que re\u00fane \u00f3rg\u00e3os relacionados ao tema em \u00e2mbito municipal e estadual. Em seguida, haver\u00e1 coletiva de imprensa, que ser\u00e1 transmitida pelas redes sociais oficiais da Prefeitura de Fortaleza e do prefeito. O comit\u00ea apresentar\u00e1 as medidas que&hellip;<\/p>\n","protected":false},"author":1,"featured_media":19722,"comment_status":"open","ping_status":"open","sticky":false,"template":"","format":"standard","meta":{"footnotes":""},"categories":[1],"tags":[],"class_list":["post-19720","post","type-post","status-publish","format-standard","has-post-thumbnail","hentry","category-noticias"],"_links":{"self":[{"href":"https:\/\/blogdorogeriogomes.com.br\/noticias\/wp-json\/wp\/v2\/posts\/19720","targetHints":{"allow":["GET"]}}],"collection":[{"href":"https:\/\/blogdorogeriogomes.com.br\/noticias\/wp-json\/wp\/v2\/posts"}],"about":[{"href":"https:\/\/blogdorogeriogomes.com.br\/noticias\/wp-json\/wp\/v2\/types\/post"}],"author":[{"embeddable":true,"href":"https:\/\/blogdorogeriogomes.com.br\/noticias\/wp-json\/wp\/v2\/users\/1"}],"replies":[{"embeddable":true,"href":"https:\/\/blogdorogeriogomes.com.br\/noticias\/wp-json\/wp\/v2\/comments?post=19720"}],"version-history":[{"count":1,"href":"https:\/\/blogdorogeriogomes.com.br\/noticias\/wp-json\/wp\/v2\/posts\/19720\/revisions"}],"predecessor-version":[{"id":19723,"href":"https:\/\/blogdorogeriogomes.com.br\/noticias\/wp-json\/wp\/v2\/posts\/19720\/revisions\/19723"}],"wp:featuredmedia":[{"embeddable":true,"href":"https:\/\/blogdorogeriogomes.com.br\/noticias\/wp-json\/wp\/v2\/media\/19722"}],"wp:attachment":[{"href":"https:\/\/blogdorogeriogomes.com.br\/noticias\/wp-json\/wp\/v2\/media?parent=19720"}],"wp:term":[{"taxonomy":"category","embeddable":true,"href":"https:\/\/blogdorogeriogomes.com.br\/noticias\/wp-json\/wp\/v2\/categories?post=19720"},{"taxonomy":"post_tag","embeddable":true,"href":"https:\/\/blogdorogeriogomes.com.br\/noticias\/wp-json\/wp\/v2\/tags?post=19720"}],"curies":[{"name":"wp","href":"https:\/\/api.w.org\/{rel}","templated":true}]}}