{"id":19728,"date":"2021-01-11T20:59:00","date_gmt":"2021-01-11T20:59:00","guid":{"rendered":"https:\/\/blogdorogeriogomes.com.br\/?p=19728"},"modified":"2021-01-12T12:12:39","modified_gmt":"2021-01-12T12:12:39","slug":"passagens-de-onibus-da-regiao-metropolitana-de-fortaleza-sofrem-aumento-de-preco-a-partir-desta-segunda-feira","status":"publish","type":"post","link":"https:\/\/blogdorogeriogomes.com.br\/noticias\/2021\/01\/passagens-de-onibus-da-regiao-metropolitana-de-fortaleza-sofrem-aumento-de-preco-a-partir-desta-segunda-feira\/","title":{"rendered":"Passagens de \u00f4nibus da Regi\u00e3o Metropolitana de Fortaleza sofrem aumento de pre\u00e7o a partir desta segunda-feira"},"content":{"rendered":"\n<p>A partir desta segunda-feira, dia 11 de janeiro, o pre\u00e7o das passagens de \u00f4nibus que realizam viagens pela Regi\u00e3o Metropolitana de Fortaleza aumentou com o reajuste m\u00e9dio de 3.99% nas tarifas. O aumento pode variar de 15 a 55 centavos de acordo com o percurso. A tarifa dos servi\u00e7os interurbanos regular e regular complementar foi reduzida em 0,18%.<\/p>\n\n\n\n<p>O conselho diretor da Ag\u00eancia Reguladora do Estado do Cear\u00e1 (Arce) homologou o reajuste no \u00faltimo dia 30 de dezembro, e a publica\u00e7\u00e3o no Di\u00e1rio Oficial ocorreu no \u00faltimo dia 4.<\/p>\n\n\n\n<p>Com a altera\u00e7\u00e3o no valor, as tarifas da RMF ficam desta forma: R$ 3,90 para trechos do Anel 01 (Caucaia e Maracana\u00fa); R$ 4,80 para trechos do Anel 02 (Maracana\u00fa, Aquiraz e Eus\u00e9bio); R$ 6,55 para trechos do Anel 03 (Maranguape, Aquiraz, Caucaia, Itaitinga e Pacatuba); R$ 8,65 para trechos do Anel 04 (Aquiraz, Caucaia, Guai\u00faba, Maranguape e Pacatuba); R$ 10,05 para trechos do Anel 05 (Caucaia, Aquiraz, Horizonte, Itaitinga, Guai\u00faba, Pacatuba, Maracana\u00fa, Pacajus e S\u00e3o Gon\u00e7alo); R$ 13,85 para trechos do Anel 06 (Chorozinho, Maranguape e S\u00e3o Gon\u00e7alo).<\/p>\n\n\n\n<figure class=\"wp-block-image size-large\"><img loading=\"lazy\" decoding=\"async\" width=\"738\" height=\"415\" src=\"https:\/\/blogdorogeriogomes.com.br\/wp-content\/uploads\/2021\/01\/images-9.jpeg\" alt=\"\" class=\"wp-image-19729\" srcset=\"https:\/\/blogdorogeriogomes.com.br\/noticias\/wp-content\/uploads\/2021\/01\/images-9.jpeg 738w, https:\/\/blogdorogeriogomes.com.br\/noticias\/wp-content\/uploads\/2021\/01\/images-9-300x169.jpeg 300w\" sizes=\"auto, (max-width: 738px) 100vw, 738px\" \/><\/figure>\n","protected":false},"excerpt":{"rendered":"<p>A partir desta segunda-feira, dia 11 de janeiro, o pre\u00e7o das passagens de \u00f4nibus que realizam viagens pela Regi\u00e3o Metropolitana de Fortaleza aumentou com o reajuste m\u00e9dio de 3.99% nas tarifas. O aumento pode variar de 15 a 55 centavos de acordo com o percurso. A tarifa dos servi\u00e7os interurbanos regular e regular complementar foi reduzida em 0,18%. O conselho diretor da Ag\u00eancia Reguladora do Estado do Cear\u00e1 (Arce) homologou o reajuste no \u00faltimo dia 30 de dezembro, e&hellip;<\/p>\n","protected":false},"author":1,"featured_media":19729,"comment_status":"open","ping_status":"open","sticky":false,"template":"","format":"standard","meta":{"footnotes":""},"categories":[1],"tags":[],"class_list":["post-19728","post","type-post","status-publish","format-standard","has-post-thumbnail","hentry","category-noticias"],"_links":{"self":[{"href":"https:\/\/blogdorogeriogomes.com.br\/noticias\/wp-json\/wp\/v2\/posts\/19728","targetHints":{"allow":["GET"]}}],"collection":[{"href":"https:\/\/blogdorogeriogomes.com.br\/noticias\/wp-json\/wp\/v2\/posts"}],"about":[{"href":"https:\/\/blogdorogeriogomes.com.br\/noticias\/wp-json\/wp\/v2\/types\/post"}],"author":[{"embeddable":true,"href":"https:\/\/blogdorogeriogomes.com.br\/noticias\/wp-json\/wp\/v2\/users\/1"}],"replies":[{"embeddable":true,"href":"https:\/\/blogdorogeriogomes.com.br\/noticias\/wp-json\/wp\/v2\/comments?post=19728"}],"version-history":[{"count":1,"href":"https:\/\/blogdorogeriogomes.com.br\/noticias\/wp-json\/wp\/v2\/posts\/19728\/revisions"}],"predecessor-version":[{"id":19730,"href":"https:\/\/blogdorogeriogomes.com.br\/noticias\/wp-json\/wp\/v2\/posts\/19728\/revisions\/19730"}],"wp:featuredmedia":[{"embeddable":true,"href":"https:\/\/blogdorogeriogomes.com.br\/noticias\/wp-json\/wp\/v2\/media\/19729"}],"wp:attachment":[{"href":"https:\/\/blogdorogeriogomes.com.br\/noticias\/wp-json\/wp\/v2\/media?parent=19728"}],"wp:term":[{"taxonomy":"category","embeddable":true,"href":"https:\/\/blogdorogeriogomes.com.br\/noticias\/wp-json\/wp\/v2\/categories?post=19728"},{"taxonomy":"post_tag","embeddable":true,"href":"https:\/\/blogdorogeriogomes.com.br\/noticias\/wp-json\/wp\/v2\/tags?post=19728"}],"curies":[{"name":"wp","href":"https:\/\/api.w.org\/{rel}","templated":true}]}}