{"id":19731,"date":"2021-01-11T21:10:48","date_gmt":"2021-01-11T21:10:48","guid":{"rendered":"https:\/\/blogdorogeriogomes.com.br\/?p=19731"},"modified":"2021-01-12T12:12:20","modified_gmt":"2021-01-12T12:12:20","slug":"jose-sarto-define-segundo-escalao-da-prefeitura-de-fortaleza","status":"publish","type":"post","link":"https:\/\/blogdorogeriogomes.com.br\/noticias\/2021\/01\/jose-sarto-define-segundo-escalao-da-prefeitura-de-fortaleza\/","title":{"rendered":"Jos\u00e9 Sarto nomeia segundo escal\u00e3o da Prefeitura de Fortaleza"},"content":{"rendered":"\n<p>O prefeito de Fortaleza, Jos\u00e9 Sarto (PDT), definiu os integrantes do segundo escal\u00e3o que v\u00e3o atuar na sua administra\u00e7\u00e3o. S\u00e3o t\u00e9cnicos e aliados pol\u00edticos que est\u00e3o nomeados e j\u00e1 iniciaram em suas fun\u00e7\u00f5es nesta segunda-feira, dia 11 de janeiro.<\/p>\n\n\n\n<p>Confira as \u00faltimas nomea\u00e7\u00f5es:<\/p>\n\n\n\n<p>Marcelo Nogueira Cruz \u2013 Secret\u00e1rio executivo do gabinete do prefeito<\/p>\n\n\n\n<p>Marta Gon\u00e7alves \u2013 Coordenadora Especial de Pol\u00edticas Sobre Drogas<\/p>\n\n\n\n<p>Davi Gomes \u2013 Coordenador especial de Pol\u00edticas P\u00fablicas de Juventude&nbsp;<\/p>\n\n\n\n<p>Jos\u00e9 \u00cdtalo Bandeira Gomes \u2013 Coordenador da Coordenadoria do Tesouro Municipal&nbsp;<\/p>\n\n\n\n<p>Juliana Guimar\u00e3es de Oliveira \u2013 Secret\u00e1ria executiva da Controladoria e Ouvidoria Geral do Munic\u00edpio&nbsp;<\/p>\n\n\n\n<p>Valternilo Costa Bezerra Filho \u2013 Secret\u00e1rio executivo do Or\u00e7amento, Planejamento e Gest\u00e3o&nbsp;<\/p>\n\n\n\n<p>Aline Gouveia Martins \u2013 Secret\u00e1ria adjunta da Sa\u00fade&nbsp;<\/p>\n\n\n\n<p>Ticiana Mota Sales \u2013 Secret\u00e1ria executiva da Sa\u00fade&nbsp;<\/p>\n\n\n\n<p>Paulo Carlos Silva Duarte \u2013 Secret\u00e1rio executivo da Seguran\u00e7a Cidad\u00e3&nbsp;<\/p>\n\n\n\n<p>Jos\u00e9 Roberto de Resende \u2013 Secret\u00e1rio executivo da Infraestrutura&nbsp;<\/p>\n\n\n\n<p>Pedro C\u00e9sar da Rocha Neto \u2013 Secret\u00e1rio executivo de Urbanismo e Meio Ambiente&nbsp;<\/p>\n\n\n\n<p>Cl\u00e1udio Ricardo Gomes de Lima \u2013 Secret\u00e1rio executivo de Turismo&nbsp;<\/p>\n\n\n\n<p>Evaldo Lima \u2013 Secret\u00e1rio executivo de Cultura&nbsp;&nbsp;<\/p>\n\n\n\n<p>Erick Benevides de Vasconcelos \u2013 Secret\u00e1rio Executivo de Desenvolvimento Econ\u00f4mico&nbsp;<\/p>\n\n\n\n<p>Francisco Arcelino Ara\u00fajo Lima \u2013 Secret\u00e1rio executivo da Gest\u00e3o Regional&nbsp;<\/p>\n\n\n\n<p>Nat\u00e1lia Soares Rios \u2013 Coordenadora de Participa\u00e7\u00e3o Social \u2013&nbsp;&nbsp;<\/p>\n\n\n\n<p>Eneylandia Rabelo Lemos \u2013 Diretora do Procon&nbsp;<\/p>\n\n\n\n<p>Josu\u00e9 de Sousa Lima \u2013 Superintendente do Instituto de Previd\u00eancia do Munic\u00edpio&nbsp;<\/p>\n\n\n\n<p>Jo\u00e3o Marcelo Ferreira Facundo \u2013 Superintendente do Instituto de Pesos e Medidas&nbsp;<\/p>\n\n\n\n<p>Homero Cals Silva \u2013 Superintendente da Autarquia de Regula\u00e7\u00e3o, Fiscaliza\u00e7\u00e3o e Controle de Servi\u00e7os P\u00fablicos de Saneamento Ambiental&nbsp;<\/p>\n\n\n\n<p>Juliana Mara de Freiras Sena Mota \u2013 Secret\u00e1ria executiva de Desenvolvimento Habitacional&nbsp;<\/p>\n\n\n\n<p>Jos\u00e9 Ronaldo Rocha Nogueira \u2013 Superintendente da Autarquia de Urbanismo e Paisagismo de Fortaleza&nbsp;<\/p>\n\n\n\n<p>Mauro Fracalossi J\u00fanior \u2013 Secret\u00e1rio adjunto de Planejamento, Or\u00e7amento e Gest\u00e3o&nbsp;<\/p>\n\n\n\n<p>Laud\u00e9lio Ant\u00f4nio de Oliveira Bastos \u2013 Secret\u00e1rio executivo de Conserva\u00e7\u00e3o e Servi\u00e7os P\u00fablicos&nbsp;<\/p>\n\n\n\n<p>Jefferson de Queiroz Maia \u2013 Secret\u00e1rio adjunto de Educa\u00e7\u00e3o&nbsp;<\/p>\n\n\n\n<p>Fernanda Gabriela Castelar Pinheiro Maia \u2013 Secret\u00e1ria executiva de Educa\u00e7\u00e3o&nbsp;<\/p>\n\n\n\n<p>Disraelli Brasil \u2013 Superintendente adjunto da AMC&nbsp;&nbsp;<\/p>\n\n\n\n<p>Juliana Carla Coelho Cavalcante \u2013 Superintendente da Autarquia Municipal de Tr\u00e2nsito (AMC)&nbsp;<\/p>\n\n\n\n<p>Eudoro Santana \u2013 Coordenador da Coordenadoria Especial de Programas Integrados (COPIFor)&nbsp;<\/p>\n\n\n\n<p>Ot\u00e1vio C\u00e9sar Lima de Melo \u2013 Presidente da Central de Licita\u00e7\u00f5es da Prefeitura:&nbsp;&nbsp;<\/p>\n\n\n\n<p>Daniel Aderaldo \u2013 Coordenador de Comunica\u00e7\u00e3o&nbsp;<\/p>\n\n\n\n<p>Laura Juc\u00e1 Ara\u00fajo \u2013 Superintendente da Ag\u00eancia de Fiscaliza\u00e7\u00e3o de Fortaleza (Agefis):&nbsp;&nbsp;<\/p>\n\n\n\n<p>Marc\u00edlio Linhares T\u00e1vora \u2013 Diretor da Guarda Municipal:&nbsp;<\/p>\n\n\n\n<p>Regis Rafael Tavares da Silva \u2013 Coordenador da Defesa Civil&nbsp;<\/p>\n\n\n\n<p>Riane Azevedo \u2013 Superintendente do Instituto Doutor Jos\u00e9 Frota (IJF)&nbsp;<\/p>\n\n\n\n<figure class=\"wp-block-image size-large\"><img loading=\"lazy\" decoding=\"async\" width=\"678\" height=\"452\" src=\"https:\/\/blogdorogeriogomes.com.br\/wp-content\/uploads\/2021\/01\/images-10.jpeg\" alt=\"\" class=\"wp-image-19732\" srcset=\"https:\/\/blogdorogeriogomes.com.br\/noticias\/wp-content\/uploads\/2021\/01\/images-10.jpeg 678w, https:\/\/blogdorogeriogomes.com.br\/noticias\/wp-content\/uploads\/2021\/01\/images-10-300x200.jpeg 300w\" sizes=\"auto, (max-width: 678px) 100vw, 678px\" \/><\/figure>\n","protected":false},"excerpt":{"rendered":"<p>O prefeito de Fortaleza, Jos\u00e9 Sarto (PDT), definiu os integrantes do segundo escal\u00e3o que v\u00e3o atuar na sua administra\u00e7\u00e3o. S\u00e3o t\u00e9cnicos e aliados pol\u00edticos que est\u00e3o nomeados e j\u00e1 iniciaram em suas fun\u00e7\u00f5es nesta segunda-feira, dia 11 de janeiro. Confira as \u00faltimas nomea\u00e7\u00f5es: Marcelo Nogueira Cruz \u2013 Secret\u00e1rio executivo do gabinete do prefeito Marta Gon\u00e7alves \u2013 Coordenadora Especial de Pol\u00edticas Sobre Drogas Davi Gomes \u2013 Coordenador especial de Pol\u00edticas P\u00fablicas de Juventude&nbsp; Jos\u00e9 \u00cdtalo Bandeira Gomes \u2013 Coordenador da&hellip;<\/p>\n","protected":false},"author":1,"featured_media":19732,"comment_status":"open","ping_status":"open","sticky":false,"template":"","format":"standard","meta":{"footnotes":""},"categories":[1],"tags":[],"class_list":["post-19731","post","type-post","status-publish","format-standard","has-post-thumbnail","hentry","category-noticias"],"_links":{"self":[{"href":"https:\/\/blogdorogeriogomes.com.br\/noticias\/wp-json\/wp\/v2\/posts\/19731","targetHints":{"allow":["GET"]}}],"collection":[{"href":"https:\/\/blogdorogeriogomes.com.br\/noticias\/wp-json\/wp\/v2\/posts"}],"about":[{"href":"https:\/\/blogdorogeriogomes.com.br\/noticias\/wp-json\/wp\/v2\/types\/post"}],"author":[{"embeddable":true,"href":"https:\/\/blogdorogeriogomes.com.br\/noticias\/wp-json\/wp\/v2\/users\/1"}],"replies":[{"embeddable":true,"href":"https:\/\/blogdorogeriogomes.com.br\/noticias\/wp-json\/wp\/v2\/comments?post=19731"}],"version-history":[{"count":2,"href":"https:\/\/blogdorogeriogomes.com.br\/noticias\/wp-json\/wp\/v2\/posts\/19731\/revisions"}],"predecessor-version":[{"id":19734,"href":"https:\/\/blogdorogeriogomes.com.br\/noticias\/wp-json\/wp\/v2\/posts\/19731\/revisions\/19734"}],"wp:featuredmedia":[{"embeddable":true,"href":"https:\/\/blogdorogeriogomes.com.br\/noticias\/wp-json\/wp\/v2\/media\/19732"}],"wp:attachment":[{"href":"https:\/\/blogdorogeriogomes.com.br\/noticias\/wp-json\/wp\/v2\/media?parent=19731"}],"wp:term":[{"taxonomy":"category","embeddable":true,"href":"https:\/\/blogdorogeriogomes.com.br\/noticias\/wp-json\/wp\/v2\/categories?post=19731"},{"taxonomy":"post_tag","embeddable":true,"href":"https:\/\/blogdorogeriogomes.com.br\/noticias\/wp-json\/wp\/v2\/tags?post=19731"}],"curies":[{"name":"wp","href":"https:\/\/api.w.org\/{rel}","templated":true}]}}