{"id":19735,"date":"2021-01-12T09:26:31","date_gmt":"2021-01-12T09:26:31","guid":{"rendered":"https:\/\/blogdorogeriogomes.com.br\/?p=19735"},"modified":"2021-01-12T12:10:17","modified_gmt":"2021-01-12T12:10:17","slug":"governadores-se-mobilizam-contra-projetos-que-tentam-retirar-controle-das-policias-civil-e-militar-dos-estados","status":"publish","type":"post","link":"https:\/\/blogdorogeriogomes.com.br\/noticias\/2021\/01\/governadores-se-mobilizam-contra-projetos-que-tentam-retirar-controle-das-policias-civil-e-militar-dos-estados\/","title":{"rendered":"Governadores se mobilizam contra projetos que tentam retirar controle das Pol\u00edcias Civil e Militar dos Estados"},"content":{"rendered":"\n<p>Uma iniciativa da chamada &#8220;bancada da bala&#8221; na C\u00e2mara Federal j\u00e1 provoca a mobiliza\u00e7\u00e3o dos governadores contra dois projetos de lei org\u00e2nica das Pol\u00edcias Civil e Militar, que restringem o poder pol\u00edtico dos estados sobre as tropas armadas e os bombeiros, em todo o Pa\u00eds.&nbsp;Na pr\u00e1tica, o Governo Federal quer assumir o controle das PMs e da Pol\u00edcia Civil, hoje vinculadas aos governos estaduais.<\/p>\n\n\n\n<p>Muitos governadores veem inconstitucionalidade e interfer\u00eancia do Pal\u00e1cio do Planalto nas pol\u00edcias, uma das bases de apoio do presidente Jair Bolsonaro, que j\u00e1 est\u00e1 em campanha pela reelei\u00e7\u00e3o, em 2022.<\/p>\n\n\n\n<p>Os projetos preveem mudan\u00e7as significativas na estrutura das pol\u00edcias. Estabelecem, por exemplo, mandatos de dois anos para os comandantes-gerais da PM, dos Bombeiros e delegados-gerais de Pol\u00edcia Civil, al\u00e9m de condicionantes para que sejam demitidos. As altera\u00e7\u00f5es j\u00e1 foram discutidas com o Minist\u00e9rio da Justi\u00e7a e Seguran\u00e7a P\u00fablica, sem que tenham sido ainda formalmente submetidas \u00e0 C\u00e2mara dos Deputados.<\/p>\n\n\n\n<figure class=\"wp-block-image size-large\"><img loading=\"lazy\" decoding=\"async\" width=\"678\" height=\"452\" src=\"https:\/\/blogdorogeriogomes.com.br\/wp-content\/uploads\/2021\/01\/images-11.jpeg\" alt=\"\" class=\"wp-image-19736\" srcset=\"https:\/\/blogdorogeriogomes.com.br\/noticias\/wp-content\/uploads\/2021\/01\/images-11.jpeg 678w, https:\/\/blogdorogeriogomes.com.br\/noticias\/wp-content\/uploads\/2021\/01\/images-11-300x200.jpeg 300w\" sizes=\"auto, (max-width: 678px) 100vw, 678px\" \/><\/figure>\n","protected":false},"excerpt":{"rendered":"<p>Uma iniciativa da chamada &#8220;bancada da bala&#8221; na C\u00e2mara Federal j\u00e1 provoca a mobiliza\u00e7\u00e3o dos governadores contra dois projetos de lei org\u00e2nica das Pol\u00edcias Civil e Militar, que restringem o poder pol\u00edtico dos estados sobre as tropas armadas e os bombeiros, em todo o Pa\u00eds.&nbsp;Na pr\u00e1tica, o Governo Federal quer assumir o controle das PMs e da Pol\u00edcia Civil, hoje vinculadas aos governos estaduais. Muitos governadores veem inconstitucionalidade e interfer\u00eancia do Pal\u00e1cio do Planalto nas pol\u00edcias, uma das bases&hellip;<\/p>\n","protected":false},"author":1,"featured_media":19736,"comment_status":"open","ping_status":"open","sticky":false,"template":"","format":"standard","meta":{"footnotes":""},"categories":[1],"tags":[],"class_list":["post-19735","post","type-post","status-publish","format-standard","has-post-thumbnail","hentry","category-noticias"],"_links":{"self":[{"href":"https:\/\/blogdorogeriogomes.com.br\/noticias\/wp-json\/wp\/v2\/posts\/19735","targetHints":{"allow":["GET"]}}],"collection":[{"href":"https:\/\/blogdorogeriogomes.com.br\/noticias\/wp-json\/wp\/v2\/posts"}],"about":[{"href":"https:\/\/blogdorogeriogomes.com.br\/noticias\/wp-json\/wp\/v2\/types\/post"}],"author":[{"embeddable":true,"href":"https:\/\/blogdorogeriogomes.com.br\/noticias\/wp-json\/wp\/v2\/users\/1"}],"replies":[{"embeddable":true,"href":"https:\/\/blogdorogeriogomes.com.br\/noticias\/wp-json\/wp\/v2\/comments?post=19735"}],"version-history":[{"count":2,"href":"https:\/\/blogdorogeriogomes.com.br\/noticias\/wp-json\/wp\/v2\/posts\/19735\/revisions"}],"predecessor-version":[{"id":19742,"href":"https:\/\/blogdorogeriogomes.com.br\/noticias\/wp-json\/wp\/v2\/posts\/19735\/revisions\/19742"}],"wp:featuredmedia":[{"embeddable":true,"href":"https:\/\/blogdorogeriogomes.com.br\/noticias\/wp-json\/wp\/v2\/media\/19736"}],"wp:attachment":[{"href":"https:\/\/blogdorogeriogomes.com.br\/noticias\/wp-json\/wp\/v2\/media?parent=19735"}],"wp:term":[{"taxonomy":"category","embeddable":true,"href":"https:\/\/blogdorogeriogomes.com.br\/noticias\/wp-json\/wp\/v2\/categories?post=19735"},{"taxonomy":"post_tag","embeddable":true,"href":"https:\/\/blogdorogeriogomes.com.br\/noticias\/wp-json\/wp\/v2\/tags?post=19735"}],"curies":[{"name":"wp","href":"https:\/\/api.w.org\/{rel}","templated":true}]}}